{"id":1635,"date":"2025-12-16T08:23:33","date_gmt":"2025-12-16T07:23:33","guid":{"rendered":"https:\/\/zsp2konskie.edu.pl\/?p=1635"},"modified":"2025-12-16T08:23:33","modified_gmt":"2025-12-16T07:23:33","slug":"szlachetna-paczka-mamy-to","status":"publish","type":"post","link":"https:\/\/zsp2konskie.edu.pl\/index.php\/2025\/12\/16\/szlachetna-paczka-mamy-to\/","title":{"rendered":"SZLACHETNA PACZKA \u2013 MAMY TO!"},"content":{"rendered":"\n<div class=\"wp-block-media-text is-stacked-on-mobile is-vertically-aligned-center is-image-fill-element\" style=\"grid-template-columns:32% auto\"><figure class=\"wp-block-media-text__media\"><img loading=\"lazy\" decoding=\"async\" width=\"1024\" height=\"768\" src=\"https:\/\/zsp2konskie.edu.pl\/wp-content\/uploads\/600888761_3267649116747192_3596330965630831322_n-1024x768.jpg\" alt=\"\" class=\"wp-image-1636 size-full\" style=\"object-position:50% 50%\" srcset=\"https:\/\/zsp2konskie.edu.pl\/wp-content\/uploads\/600888761_3267649116747192_3596330965630831322_n-1024x768.jpg 1024w, https:\/\/zsp2konskie.edu.pl\/wp-content\/uploads\/600888761_3267649116747192_3596330965630831322_n-300x225.jpg 300w, https:\/\/zsp2konskie.edu.pl\/wp-content\/uploads\/600888761_3267649116747192_3596330965630831322_n-768x576.jpg 768w, https:\/\/zsp2konskie.edu.pl\/wp-content\/uploads\/600888761_3267649116747192_3596330965630831322_n-1536x1152.jpg 1536w, https:\/\/zsp2konskie.edu.pl\/wp-content\/uploads\/600888761_3267649116747192_3596330965630831322_n.jpg 2048w\" sizes=\"auto, (max-width: 1024px) 100vw, 1024px\" \/><\/figure><div class=\"wp-block-media-text__content\">\n<p>14 grudnia przedstawiciele naszej szko\u0142y uczestniczyli w finale akcji Szlachetna Paczka, kt\u00f3ry odby\u0142 si\u0119 w Radoszycach. Dzie\u0144 wcze\u015bniej dostarczyli\u015bmy paczki do magazynu.<\/p>\n\n\n\n<!--more-->\n<\/div><\/div>\n\n\n\n<p>Dzi\u0119ki zaanga\u017cowaniu uczni\u00f3w, rodzic\u00f3w, nauczycieli oraz sympatyk\u00f3w naszej szko\u0142y uda\u0142o si\u0119 zebra\u0107 szlachetn\u0105 paczk\u0119. Szkolne Ko\u0142o Wolontariatu wraz z Hufcem Pracy 13-5 w Ko\u0144skich z inicjatywy pani Agnieszki Swat i pana Artura Ciszka po raz pierwszy wzi\u0119\u0142o udzia\u0142 w tej akcji. Koordynacj\u0105 tego przedsi\u0119wzi\u0119cia w szkole zaj\u0105\u0142 si\u0119 Artur Ciszek. Dzi\u0119ki wsp\u00f3lnemu dzia\u0142aniu mogli\u015bmy pom\u00f3c rodzinie w potrzebie i sprawi\u0107 ze nadchodz\u0105ce \u015bwi\u0119ta b\u0119d\u0105 dla niej pe\u0142ne nadziei i rado\u015bci. Dzi\u0119ki za kazdy gest dobroci. RAZEM MO\u017bEMY WI\u0118CEJ. <strong>Z ca\u0142ego serca dzi\u0119kujemy darczy\u0144com za okazane wsparcie!<\/strong><\/p>\n\n\n\n<figure class=\"wp-block-image size-full is-resized\"><img loading=\"lazy\" decoding=\"async\" width=\"590\" height=\"443\" src=\"https:\/\/zsp2konskie.edu.pl\/wp-content\/uploads\/600279678_3267627483416022_478044888814394030_n.jpg\" alt=\"\" class=\"wp-image-1637\" style=\"width:840px;height:auto\" srcset=\"https:\/\/zsp2konskie.edu.pl\/wp-content\/uploads\/600279678_3267627483416022_478044888814394030_n.jpg 590w, https:\/\/zsp2konskie.edu.pl\/wp-content\/uploads\/600279678_3267627483416022_478044888814394030_n-300x225.jpg 300w\" sizes=\"auto, (max-width: 590px) 100vw, 590px\" \/><\/figure>\n\n\n\n<figure class=\"wp-block-image size-large\"><img loading=\"lazy\" decoding=\"async\" width=\"1024\" height=\"768\" src=\"https:\/\/zsp2konskie.edu.pl\/wp-content\/uploads\/600888761_3267649116747192_3596330965630831322_n-1-1024x768.jpg\" alt=\"\" class=\"wp-image-1638\" srcset=\"https:\/\/zsp2konskie.edu.pl\/wp-content\/uploads\/600888761_3267649116747192_3596330965630831322_n-1-1024x768.jpg 1024w, https:\/\/zsp2konskie.edu.pl\/wp-content\/uploads\/600888761_3267649116747192_3596330965630831322_n-1-300x225.jpg 300w, https:\/\/zsp2konskie.edu.pl\/wp-content\/uploads\/600888761_3267649116747192_3596330965630831322_n-1-768x576.jpg 768w, https:\/\/zsp2konskie.edu.pl\/wp-content\/uploads\/600888761_3267649116747192_3596330965630831322_n-1-1536x1152.jpg 1536w, https:\/\/zsp2konskie.edu.pl\/wp-content\/uploads\/600888761_3267649116747192_3596330965630831322_n-1.jpg 2048w\" sizes=\"auto, (max-width: 1024px) 100vw, 1024px\" \/><\/figure>\n\n\n\n<figure class=\"wp-block-image size-large is-resized\"><img loading=\"lazy\" decoding=\"async\" width=\"768\" height=\"1024\" src=\"https:\/\/zsp2konskie.edu.pl\/wp-content\/uploads\/730b661f-766c-49b5-b6e0-4e0f5995b336-768x1024.jpg\" alt=\"\" class=\"wp-image-1639\" style=\"width:840px;height:auto\" srcset=\"https:\/\/zsp2konskie.edu.pl\/wp-content\/uploads\/730b661f-766c-49b5-b6e0-4e0f5995b336-768x1024.jpg 768w, https:\/\/zsp2konskie.edu.pl\/wp-content\/uploads\/730b661f-766c-49b5-b6e0-4e0f5995b336-225x300.jpg 225w, https:\/\/zsp2konskie.edu.pl\/wp-content\/uploads\/730b661f-766c-49b5-b6e0-4e0f5995b336-1152x1536.jpg 1152w, https:\/\/zsp2konskie.edu.pl\/wp-content\/uploads\/730b661f-766c-49b5-b6e0-4e0f5995b336.jpg 1536w\" sizes=\"auto, (max-width: 768px) 100vw, 768px\" \/><\/figure>\n","protected":false},"excerpt":{"rendered":"<p>14 grudnia przedstawiciele naszej szko\u0142y uczestniczyli w finale akcji Szlachetna Paczka, kt\u00f3ry odby\u0142 si\u0119 w Radoszycach. Dzie\u0144 wcze\u015bniej dostarczyli\u015bmy paczki do magazynu.<\/p>\n","protected":false},"author":1,"featured_media":0,"comment_status":"closed","ping_status":"","sticky":false,"template":"","format":"standard","meta":{"footnotes":""},"categories":[5],"tags":[],"class_list":["post-1635","post","type-post","status-publish","format-standard","hentry","category-news"],"_links":{"self":[{"href":"https:\/\/zsp2konskie.edu.pl\/index.php\/wp-json\/wp\/v2\/posts\/1635","targetHints":{"allow":["GET"]}}],"collection":[{"href":"https:\/\/zsp2konskie.edu.pl\/index.php\/wp-json\/wp\/v2\/posts"}],"about":[{"href":"https:\/\/zsp2konskie.edu.pl\/index.php\/wp-json\/wp\/v2\/types\/post"}],"author":[{"embeddable":true,"href":"https:\/\/zsp2konskie.edu.pl\/index.php\/wp-json\/wp\/v2\/users\/1"}],"replies":[{"embeddable":true,"href":"https:\/\/zsp2konskie.edu.pl\/index.php\/wp-json\/wp\/v2\/comments?post=1635"}],"version-history":[{"count":1,"href":"https:\/\/zsp2konskie.edu.pl\/index.php\/wp-json\/wp\/v2\/posts\/1635\/revisions"}],"predecessor-version":[{"id":1640,"href":"https:\/\/zsp2konskie.edu.pl\/index.php\/wp-json\/wp\/v2\/posts\/1635\/revisions\/1640"}],"wp:attachment":[{"href":"https:\/\/zsp2konskie.edu.pl\/index.php\/wp-json\/wp\/v2\/media?parent=1635"}],"wp:term":[{"taxonomy":"category","embeddable":true,"href":"https:\/\/zsp2konskie.edu.pl\/index.php\/wp-json\/wp\/v2\/categories?post=1635"},{"taxonomy":"post_tag","embeddable":true,"href":"https:\/\/zsp2konskie.edu.pl\/index.php\/wp-json\/wp\/v2\/tags?post=1635"}],"curies":[{"name":"wp","href":"https:\/\/api.w.org\/{rel}","templated":true}]}}