{"id":1605,"date":"2025-12-10T10:29:27","date_gmt":"2025-12-10T09:29:27","guid":{"rendered":"https:\/\/zsp2konskie.edu.pl\/?p=1605"},"modified":"2025-12-10T10:29:27","modified_gmt":"2025-12-10T09:29:27","slug":"wolnosc-rodzi-sie-z-odwagi-swieto-patrona-szkoly","status":"publish","type":"post","link":"https:\/\/zsp2konskie.edu.pl\/index.php\/2025\/12\/10\/wolnosc-rodzi-sie-z-odwagi-swieto-patrona-szkoly\/","title":{"rendered":"\u201eWOLNO\u015a\u0106 RODZI SI\u0118 Z ODWAGI\u201d &#8211; \u015aWI\u0118TO PATRONA SZKO\u0141Y"},"content":{"rendered":"\n<div class=\"wp-block-media-text is-stacked-on-mobile is-vertically-aligned-center is-image-fill-element\" style=\"grid-template-columns:32% auto\"><figure class=\"wp-block-media-text__media\"><img loading=\"lazy\" decoding=\"async\" width=\"765\" height=\"853\" src=\"https:\/\/zsp2konskie.edu.pl\/wp-content\/uploads\/594157078_1412342747557937_4016616651801245275_n.jpg\" alt=\"\" class=\"wp-image-1606 size-full\" style=\"object-position:50% 50%\" srcset=\"https:\/\/zsp2konskie.edu.pl\/wp-content\/uploads\/594157078_1412342747557937_4016616651801245275_n.jpg 765w, https:\/\/zsp2konskie.edu.pl\/wp-content\/uploads\/594157078_1412342747557937_4016616651801245275_n-269x300.jpg 269w\" sizes=\"auto, (max-width: 765px) 100vw, 765px\" \/><\/figure><div class=\"wp-block-media-text__content\">\n<p>3 grudnia odby\u0142a si\u0119 uroczysto\u015b\u0107 ku czci patrona naszej szko\u0142y, genera\u0142a Antoniego Piwowarczyka. Uroczysto\u015b\u0107 zgromadzi\u0142a licznych go\u015bci, kt\u00f3rych powita\u0142 dyrektor \u0141ukasz Misztal, nawi\u0105zuj\u0105c do postaci patrona i warto\u015bci, jakie reprezentowa\u0142<\/p>\n\n\n\n<!--more-->\n<\/div><\/div>\n\n\n\n<p>W\u015br\u00f3d zgromadzonych go\u015bci znale\u017ali si\u0119: starosta Grzegorz Piec, cz\u0142onkowie Zarz\u0105du Powiatu Dariusz Banasik i Wojciech Owczarek, naczelnik Wydzia\u0142u Polityki Spo\u0142ecznej, O\u015bwiaty i Zdrowia Agata Centkowska, komendant Hufca Pracy 13-5 w Ko\u0144skich Monika Jedynak, dyrektor Powiatowego Urz\u0119du Pracy w Ko\u0144skich Jacek Werens, zast\u0119pca naczelnika Wydzia\u0142u Ruchu Drogowego KPP w Ko\u0144skich kom. \u0141ukasz Morka oraz przedstawiciele \u015awiatowego Zwi\u0105zku \u017bo\u0142nierzy Armii Krajowej na czele z panem Lucjanem G\u00f3reckim prezesem Koneckiego Ko\u0142a \u015awiatowego Zwi\u0105zku \u017bo\u0142nierzy Armii Krajowej, Jan Wiklak, wieloletni dyrektor ZSP nr 2 w Ko\u0144skich, przedstawicielka Rady Rodzic\u00f3w, Katarzyna Kania. W wydarzeniu uczestniczyli r\u00f3wnie\u017c uczniowie, nauczyciele i pracownicy szko\u0142y. M\u0142odzie\u017c zaprezentowa\u0142a program artystyczny pt. \u201eWolno\u015b\u0107 rodzi si\u0119 z odwagi\u201d, kt\u00f3ry przeni\u00f3s\u0142 widz\u00f3w w czasy walki o wolno\u015b\u0107. Jednym z element\u00f3w programu by\u0142 zainscenizowany wywiad z genera\u0142em (w tej roli &#8211; Krystian Trepkowski) Uczniowie przypomnieli tak\u017ce \u017cyciorys genera\u0142a. Zgromadzoni go\u015bcie obejrzeli film przedstawiaj\u0105cy moment nadania nominacji generalskich w\u00f3wczas jeszcze &#8211; pu\u0142kownikowi Antoniemu Piwowarczykowi. Istotnym elementem uroczysto\u015bci by\u0142 quiz wiedzy o patronie szko\u0142y. Rywalizacja w\u015br\u00f3d uczestnik\u00f3w by\u0142a bardzo wyr\u00f3wnana. Pierwsze miejsce zdoby\u0142 Bart\u0142omiej Ko\u0142odziej, drugie &#8211; Wojciech Sykurski, a na trzecim miejscu uplasowa\u0142 si\u0119 &#8211; Stanis\u0142aw Kucharski. Wszyscy nagrodzeni to uczniowie klasy 1ms. \u201eNiech postawa genera\u0142a Piwowarczyka b\u0119dzie dla nas wszystkich \u017ar\u00f3d\u0142em inspiracji &#8211; zar\u00f3wno w codziennej nauce, jak i w kszta\u0142towaniu w\u0142asnego charakteru. [&#8230;] Pami\u0119tamy, \u017ce godne reprezentowanie imienia naszego patrona to nie tylko przywilej, ale i zobowi\u0105zanie. [&#8230;] Cze\u015b\u0107 i chwa\u0142a genera\u0142owi Antoniemu Piwowarczykowi!\u201d Tymi s\u0142owami zako\u0144czy\u0142a si\u0119 uroczysto\u015b\u0107, kt\u00f3r\u0105 przygotowali uczniowie klas: 1fw, 1ms, 3fsw oraz 3ew, kt\u00f3rzy pracowali pod opiek\u0105 nauczycieli: Ma\u0142gorzaty Kowalczyk, Katarzyny Ja\u015bkowskiej, Anny Lisowskiej i \u0141ukasza Ludwikowskiego.<\/p>\n\n\n\n<figure class=\"wp-block-image size-full\"><img loading=\"lazy\" decoding=\"async\" width=\"765\" height=\"836\" src=\"https:\/\/zsp2konskie.edu.pl\/wp-content\/uploads\/592972137_1412342574224621_1457064675371377842_n1.jpg\" alt=\"\" class=\"wp-image-1607\" srcset=\"https:\/\/zsp2konskie.edu.pl\/wp-content\/uploads\/592972137_1412342574224621_1457064675371377842_n1.jpg 765w, https:\/\/zsp2konskie.edu.pl\/wp-content\/uploads\/592972137_1412342574224621_1457064675371377842_n1-275x300.jpg 275w\" sizes=\"auto, (max-width: 765px) 100vw, 765px\" \/><\/figure>\n\n\n\n<figure class=\"wp-block-image size-full\"><img loading=\"lazy\" decoding=\"async\" width=\"765\" height=\"765\" src=\"https:\/\/zsp2konskie.edu.pl\/wp-content\/uploads\/594009785_1412342420891303_335687069781881618_n.jpg\" alt=\"\" class=\"wp-image-1608\" srcset=\"https:\/\/zsp2konskie.edu.pl\/wp-content\/uploads\/594009785_1412342420891303_335687069781881618_n.jpg 765w, https:\/\/zsp2konskie.edu.pl\/wp-content\/uploads\/594009785_1412342420891303_335687069781881618_n-300x300.jpg 300w, https:\/\/zsp2konskie.edu.pl\/wp-content\/uploads\/594009785_1412342420891303_335687069781881618_n-150x150.jpg 150w\" sizes=\"auto, (max-width: 765px) 100vw, 765px\" \/><\/figure>\n\n\n\n<figure class=\"wp-block-image size-full\"><img loading=\"lazy\" decoding=\"async\" width=\"765\" height=\"674\" src=\"https:\/\/zsp2konskie.edu.pl\/wp-content\/uploads\/594028333_1412341934224685_2455031612236417623_n.jpg\" alt=\"\" class=\"wp-image-1609\" srcset=\"https:\/\/zsp2konskie.edu.pl\/wp-content\/uploads\/594028333_1412341934224685_2455031612236417623_n.jpg 765w, https:\/\/zsp2konskie.edu.pl\/wp-content\/uploads\/594028333_1412341934224685_2455031612236417623_n-300x264.jpg 300w\" sizes=\"auto, (max-width: 765px) 100vw, 765px\" \/><\/figure>\n\n\n\n<figure class=\"wp-block-image size-full\"><img loading=\"lazy\" decoding=\"async\" width=\"765\" height=\"853\" src=\"https:\/\/zsp2konskie.edu.pl\/wp-content\/uploads\/594157078_1412342747557937_4016616651801245275_n-1.jpg\" alt=\"\" class=\"wp-image-1610\" srcset=\"https:\/\/zsp2konskie.edu.pl\/wp-content\/uploads\/594157078_1412342747557937_4016616651801245275_n-1.jpg 765w, https:\/\/zsp2konskie.edu.pl\/wp-content\/uploads\/594157078_1412342747557937_4016616651801245275_n-1-269x300.jpg 269w\" sizes=\"auto, (max-width: 765px) 100vw, 765px\" \/><\/figure>\n","protected":false},"excerpt":{"rendered":"<p>3 grudnia odby\u0142a si\u0119 uroczysto\u015b\u0107 ku czci patrona naszej szko\u0142y, genera\u0142a Antoniego Piwowarczyka. Uroczysto\u015b\u0107 zgromadzi\u0142a licznych go\u015bci, kt\u00f3rych powita\u0142 dyrektor \u0141ukasz Misztal, nawi\u0105zuj\u0105c do postaci patrona i warto\u015bci, jakie reprezentowa\u0142<\/p>\n","protected":false},"author":1,"featured_media":0,"comment_status":"closed","ping_status":"","sticky":false,"template":"","format":"standard","meta":{"footnotes":""},"categories":[5],"tags":[],"class_list":["post-1605","post","type-post","status-publish","format-standard","hentry","category-news"],"_links":{"self":[{"href":"https:\/\/zsp2konskie.edu.pl\/index.php\/wp-json\/wp\/v2\/posts\/1605","targetHints":{"allow":["GET"]}}],"collection":[{"href":"https:\/\/zsp2konskie.edu.pl\/index.php\/wp-json\/wp\/v2\/posts"}],"about":[{"href":"https:\/\/zsp2konskie.edu.pl\/index.php\/wp-json\/wp\/v2\/types\/post"}],"author":[{"embeddable":true,"href":"https:\/\/zsp2konskie.edu.pl\/index.php\/wp-json\/wp\/v2\/users\/1"}],"replies":[{"embeddable":true,"href":"https:\/\/zsp2konskie.edu.pl\/index.php\/wp-json\/wp\/v2\/comments?post=1605"}],"version-history":[{"count":1,"href":"https:\/\/zsp2konskie.edu.pl\/index.php\/wp-json\/wp\/v2\/posts\/1605\/revisions"}],"predecessor-version":[{"id":1611,"href":"https:\/\/zsp2konskie.edu.pl\/index.php\/wp-json\/wp\/v2\/posts\/1605\/revisions\/1611"}],"wp:attachment":[{"href":"https:\/\/zsp2konskie.edu.pl\/index.php\/wp-json\/wp\/v2\/media?parent=1605"}],"wp:term":[{"taxonomy":"category","embeddable":true,"href":"https:\/\/zsp2konskie.edu.pl\/index.php\/wp-json\/wp\/v2\/categories?post=1605"},{"taxonomy":"post_tag","embeddable":true,"href":"https:\/\/zsp2konskie.edu.pl\/index.php\/wp-json\/wp\/v2\/tags?post=1605"}],"curies":[{"name":"wp","href":"https:\/\/api.w.org\/{rel}","templated":true}]}}