{"id":1600,"date":"2025-12-10T10:15:00","date_gmt":"2025-12-10T09:15:00","guid":{"rendered":"https:\/\/zsp2konskie.edu.pl\/?p=1600"},"modified":"2025-12-10T10:15:00","modified_gmt":"2025-12-10T09:15:00","slug":"kultura-bezpieczenstwa","status":"publish","type":"post","link":"https:\/\/zsp2konskie.edu.pl\/index.php\/2025\/12\/10\/kultura-bezpieczenstwa\/","title":{"rendered":"KULTURA BEZPIECZE\u0143STWA"},"content":{"rendered":"\n<div class=\"wp-block-media-text is-stacked-on-mobile is-vertically-aligned-center is-image-fill-element\" style=\"grid-template-columns:32% auto\"><figure class=\"wp-block-media-text__media\"><img loading=\"lazy\" decoding=\"async\" width=\"256\" height=\"160\" src=\"https:\/\/zsp2konskie.edu.pl\/wp-content\/uploads\/MWQ5NzYyY2I4NzMwZjgzYjUyZmFlYzJmOTk0NWI3NzQ.jpg\" alt=\"\" class=\"wp-image-1601 size-full\" style=\"object-position:50% 50%\"\/><\/figure><div class=\"wp-block-media-text__content\">\n<p>20 listopada przedstawiciele naszej szko\u0142y wzi\u0119li udzia\u0142 w podsumowaniu projektu edukacyjnego &#8222;Kultura bezpiecze\u0144stwa&#8221;, kt\u00f3re odby\u0142o si\u0119 w Filharmonii \u015awi\u0119tokrzyskiej w Kielcach.<\/p>\n\n\n\n<!--more-->\n<\/div><\/div>\n\n\n\n<p>Organizatorem tego projektu jest Okr\u0119gowy Inspektorat Pracy w Kielcach. W wydarzeniu uczestniczyli przedstawiciele urz\u0119d\u00f3w pa\u0144stwowych i samorz\u0105dowych, nadzoru i kontroli, s\u0142u\u017cb mundurowych, uczelni, organizacji zwi\u0105zkowych, pracodawc\u00f3w, stowarzysze\u0144 i instytucji, kt\u00f3rzy poprzez wsp\u00f3\u0142prac\u0119 z Pa\u0144stwow\u0105 Inspekcj\u0105 Pracy, dzia\u0142aj\u0105 na rzecz praworz\u0105dno\u015bci i bezpiecze\u0144stwa pracy. Nasza szko\u0142a (dyrektor szko\u0142y \u0141ukasz Misztal, koordynator projektu Wioletta Banasik oraz Artur Ciszek) otrzyma\u0142a podzi\u0119kowania za udzia\u0142 w programie \u201eKultura bezpiecze\u0144stwa\u201d z r\u0105k Jan J\u00f3\u017awika, Okr\u0119gowego Inspektora Pracy oraz z dr. Krzysztofa W\u0105torka, prorektora Akademii Nauk Stosowanych im. prof. Edwarda Lipi\u0144skiego w Kielcach.<\/p>\n\n\n\n<p><\/p>\n","protected":false},"excerpt":{"rendered":"<p>20 listopada przedstawiciele naszej szko\u0142y wzi\u0119li udzia\u0142 w podsumowaniu projektu edukacyjnego &#8222;Kultura bezpiecze\u0144stwa&#8221;, kt\u00f3re odby\u0142o si\u0119 w Filharmonii \u015awi\u0119tokrzyskiej w Kielcach.<\/p>\n","protected":false},"author":1,"featured_media":0,"comment_status":"closed","ping_status":"","sticky":false,"template":"","format":"standard","meta":{"footnotes":""},"categories":[5],"tags":[],"class_list":["post-1600","post","type-post","status-publish","format-standard","hentry","category-news"],"_links":{"self":[{"href":"https:\/\/zsp2konskie.edu.pl\/index.php\/wp-json\/wp\/v2\/posts\/1600","targetHints":{"allow":["GET"]}}],"collection":[{"href":"https:\/\/zsp2konskie.edu.pl\/index.php\/wp-json\/wp\/v2\/posts"}],"about":[{"href":"https:\/\/zsp2konskie.edu.pl\/index.php\/wp-json\/wp\/v2\/types\/post"}],"author":[{"embeddable":true,"href":"https:\/\/zsp2konskie.edu.pl\/index.php\/wp-json\/wp\/v2\/users\/1"}],"replies":[{"embeddable":true,"href":"https:\/\/zsp2konskie.edu.pl\/index.php\/wp-json\/wp\/v2\/comments?post=1600"}],"version-history":[{"count":1,"href":"https:\/\/zsp2konskie.edu.pl\/index.php\/wp-json\/wp\/v2\/posts\/1600\/revisions"}],"predecessor-version":[{"id":1604,"href":"https:\/\/zsp2konskie.edu.pl\/index.php\/wp-json\/wp\/v2\/posts\/1600\/revisions\/1604"}],"wp:attachment":[{"href":"https:\/\/zsp2konskie.edu.pl\/index.php\/wp-json\/wp\/v2\/media?parent=1600"}],"wp:term":[{"taxonomy":"category","embeddable":true,"href":"https:\/\/zsp2konskie.edu.pl\/index.php\/wp-json\/wp\/v2\/categories?post=1600"},{"taxonomy":"post_tag","embeddable":true,"href":"https:\/\/zsp2konskie.edu.pl\/index.php\/wp-json\/wp\/v2\/tags?post=1600"}],"curies":[{"name":"wp","href":"https:\/\/api.w.org\/{rel}","templated":true}]}}