{"id":1594,"date":"2025-12-10T10:01:15","date_gmt":"2025-12-10T09:01:15","guid":{"rendered":"https:\/\/zsp2konskie.edu.pl\/?p=1594"},"modified":"2025-12-10T10:01:15","modified_gmt":"2025-12-10T09:01:15","slug":"swiadomi-zagrozen","status":"publish","type":"post","link":"https:\/\/zsp2konskie.edu.pl\/index.php\/2025\/12\/10\/swiadomi-zagrozen\/","title":{"rendered":"\u015aWIADOMI ZAGRO\u017bE\u0143"},"content":{"rendered":"\n<div class=\"wp-block-media-text is-stacked-on-mobile is-vertically-aligned-center is-image-fill-element\" style=\"grid-template-columns:32% auto\"><figure class=\"wp-block-media-text__media\"><img loading=\"lazy\" decoding=\"async\" width=\"1024\" height=\"948\" src=\"https:\/\/zsp2konskie.edu.pl\/wp-content\/uploads\/WhatsApp-Image-2025-11-27-at-12.32.36-11-1024x948.jpeg\" alt=\"\" class=\"wp-image-1595 size-full\" style=\"object-position:50% 50%\" srcset=\"https:\/\/zsp2konskie.edu.pl\/wp-content\/uploads\/WhatsApp-Image-2025-11-27-at-12.32.36-11-1024x948.jpeg 1024w, https:\/\/zsp2konskie.edu.pl\/wp-content\/uploads\/WhatsApp-Image-2025-11-27-at-12.32.36-11-300x278.jpeg 300w, https:\/\/zsp2konskie.edu.pl\/wp-content\/uploads\/WhatsApp-Image-2025-11-27-at-12.32.36-11-768x711.jpeg 768w, https:\/\/zsp2konskie.edu.pl\/wp-content\/uploads\/WhatsApp-Image-2025-11-27-at-12.32.36-11.jpeg 1500w\" sizes=\"auto, (max-width: 1024px) 100vw, 1024px\" \/><\/figure><div class=\"wp-block-media-text__content\">\n<p>27 listopada uczniowie wszystkich klas oraz nauczyciele uczestniczyli w spotkaniu profilaktycznym po\u015bwi\u0119conym dw\u00f3m niezwykle aktualnym problemom wsp\u00f3\u0142czesnej m\u0142odzie\u017cy: uzale\u017cnieniom od \u015brodk\u00f3w psychoaktywnych oraz przemocy.<\/p>\n\n\n\n<!--more-->\n<\/div><\/div>\n\n\n\n<p>Spotkanie poprowadzili przedstawiciele Wydzia\u0142u Prewencji Komendy Powiatowej Policji w Ko\u0144skich, m\u0142. asp. Krzysztof Bernat i asp. sztab. Tomasz Sobo\u0144, kt\u00f3rzy przedstawili mechanizmy wchodzenia w uzale\u017cnienia oraz problem przemocy. Policjanci om\u00f3wi\u0142 nie tylko zdrowotne skutki za\u017cywania substancji psychoaktywnych, ale r\u00f3wnie\u017c konsekwencje prawne, z jakimi musz\u0105 liczy\u0107 si\u0119 nieletni. Rozprawili si\u0119 z mitem dotycz\u0105cym \u201ebezpiecznego eksperymentowania\u201d. Uczniowie przypomnieli sobie, czym jest stalking, kradzie\u017c to\u017csamo\u015bci oraz jakie \u015blady cyfrowe zostawiamy w Internecie. W sieci nikt nie jest anonimowy, a s\u0142owa pisane w komentarzach mog\u0105 rani\u0107 tak mocno, jak te wypowiedziane bezpo\u015brednio. Uczniowie mieli tak\u017ce okazj\u0119 obejrze\u0107, jak wygl\u0105daj\u0105 substancje psychoaktywne oraz inscenizowali sceny przemocy r\u00f3wie\u015bniczej. T\u0119 cenn\u0105 lekcj\u0119 odpowiedzialno\u015bci i bezpiecze\u0144stwa zorganizowali: Artur Ciszek i Dorota R\u00f3\u017calska we wsp\u00f3\u0142pracy z Hufcem Pracy Ko\u0144skich.<\/p>\n\n\n\n<figure class=\"wp-block-image size-large\"><img loading=\"lazy\" decoding=\"async\" width=\"1024\" height=\"948\" src=\"https:\/\/zsp2konskie.edu.pl\/wp-content\/uploads\/WhatsApp-Image-2025-11-27-at-12.32.36-11-1-1024x948.jpeg\" alt=\"\" class=\"wp-image-1596\" srcset=\"https:\/\/zsp2konskie.edu.pl\/wp-content\/uploads\/WhatsApp-Image-2025-11-27-at-12.32.36-11-1-1024x948.jpeg 1024w, https:\/\/zsp2konskie.edu.pl\/wp-content\/uploads\/WhatsApp-Image-2025-11-27-at-12.32.36-11-1-300x278.jpeg 300w, https:\/\/zsp2konskie.edu.pl\/wp-content\/uploads\/WhatsApp-Image-2025-11-27-at-12.32.36-11-1-768x711.jpeg 768w, https:\/\/zsp2konskie.edu.pl\/wp-content\/uploads\/WhatsApp-Image-2025-11-27-at-12.32.36-11-1.jpeg 1500w\" sizes=\"auto, (max-width: 1024px) 100vw, 1024px\" \/><\/figure>\n\n\n\n<figure class=\"wp-block-image size-large\"><img loading=\"lazy\" decoding=\"async\" width=\"835\" height=\"1024\" src=\"https:\/\/zsp2konskie.edu.pl\/wp-content\/uploads\/6d286674-fec9-4898-9cef-ed3d77e227a21-835x1024.jpg\" alt=\"\" class=\"wp-image-1597\" srcset=\"https:\/\/zsp2konskie.edu.pl\/wp-content\/uploads\/6d286674-fec9-4898-9cef-ed3d77e227a21-835x1024.jpg 835w, https:\/\/zsp2konskie.edu.pl\/wp-content\/uploads\/6d286674-fec9-4898-9cef-ed3d77e227a21-245x300.jpg 245w, https:\/\/zsp2konskie.edu.pl\/wp-content\/uploads\/6d286674-fec9-4898-9cef-ed3d77e227a21-768x941.jpg 768w, https:\/\/zsp2konskie.edu.pl\/wp-content\/uploads\/6d286674-fec9-4898-9cef-ed3d77e227a21.jpg 1196w\" sizes=\"auto, (max-width: 835px) 100vw, 835px\" \/><\/figure>\n\n\n\n<figure class=\"wp-block-image size-large\"><img loading=\"lazy\" decoding=\"async\" width=\"1024\" height=\"782\" src=\"https:\/\/zsp2konskie.edu.pl\/wp-content\/uploads\/WhatsApp-Image-2025-11-27-at-12.32.36-5-1024x782.jpeg\" alt=\"\" class=\"wp-image-1598\" srcset=\"https:\/\/zsp2konskie.edu.pl\/wp-content\/uploads\/WhatsApp-Image-2025-11-27-at-12.32.36-5-1024x782.jpeg 1024w, https:\/\/zsp2konskie.edu.pl\/wp-content\/uploads\/WhatsApp-Image-2025-11-27-at-12.32.36-5-300x229.jpeg 300w, https:\/\/zsp2konskie.edu.pl\/wp-content\/uploads\/WhatsApp-Image-2025-11-27-at-12.32.36-5-768x587.jpeg 768w, https:\/\/zsp2konskie.edu.pl\/wp-content\/uploads\/WhatsApp-Image-2025-11-27-at-12.32.36-5.jpeg 1500w\" sizes=\"auto, (max-width: 1024px) 100vw, 1024px\" \/><\/figure>\n","protected":false},"excerpt":{"rendered":"<p>27 listopada uczniowie wszystkich klas oraz nauczyciele uczestniczyli w spotkaniu profilaktycznym po\u015bwi\u0119conym dw\u00f3m niezwykle aktualnym problemom wsp\u00f3\u0142czesnej m\u0142odzie\u017cy: uzale\u017cnieniom od \u015brodk\u00f3w psychoaktywnych oraz przemocy.<\/p>\n","protected":false},"author":1,"featured_media":0,"comment_status":"closed","ping_status":"","sticky":false,"template":"","format":"standard","meta":{"footnotes":""},"categories":[5],"tags":[],"class_list":["post-1594","post","type-post","status-publish","format-standard","hentry","category-news"],"_links":{"self":[{"href":"https:\/\/zsp2konskie.edu.pl\/index.php\/wp-json\/wp\/v2\/posts\/1594","targetHints":{"allow":["GET"]}}],"collection":[{"href":"https:\/\/zsp2konskie.edu.pl\/index.php\/wp-json\/wp\/v2\/posts"}],"about":[{"href":"https:\/\/zsp2konskie.edu.pl\/index.php\/wp-json\/wp\/v2\/types\/post"}],"author":[{"embeddable":true,"href":"https:\/\/zsp2konskie.edu.pl\/index.php\/wp-json\/wp\/v2\/users\/1"}],"replies":[{"embeddable":true,"href":"https:\/\/zsp2konskie.edu.pl\/index.php\/wp-json\/wp\/v2\/comments?post=1594"}],"version-history":[{"count":1,"href":"https:\/\/zsp2konskie.edu.pl\/index.php\/wp-json\/wp\/v2\/posts\/1594\/revisions"}],"predecessor-version":[{"id":1599,"href":"https:\/\/zsp2konskie.edu.pl\/index.php\/wp-json\/wp\/v2\/posts\/1594\/revisions\/1599"}],"wp:attachment":[{"href":"https:\/\/zsp2konskie.edu.pl\/index.php\/wp-json\/wp\/v2\/media?parent=1594"}],"wp:term":[{"taxonomy":"category","embeddable":true,"href":"https:\/\/zsp2konskie.edu.pl\/index.php\/wp-json\/wp\/v2\/categories?post=1594"},{"taxonomy":"post_tag","embeddable":true,"href":"https:\/\/zsp2konskie.edu.pl\/index.php\/wp-json\/wp\/v2\/tags?post=1594"}],"curies":[{"name":"wp","href":"https:\/\/api.w.org\/{rel}","templated":true}]}}