{"id":1562,"date":"2025-11-17T11:24:47","date_gmt":"2025-11-17T10:24:47","guid":{"rendered":"https:\/\/zsp2konskie.edu.pl\/?p=1562"},"modified":"2025-11-17T11:24:47","modified_gmt":"2025-11-17T10:24:47","slug":"narodowe-swieto-niepodleglosci","status":"publish","type":"post","link":"https:\/\/zsp2konskie.edu.pl\/index.php\/2025\/11\/17\/narodowe-swieto-niepodleglosci\/","title":{"rendered":"NARODOWE \u015aWI\u0118TO NIEPODLEG\u0141O\u015aCI"},"content":{"rendered":"\n<div class=\"wp-block-media-text is-stacked-on-mobile is-vertically-aligned-center is-image-fill-element\" style=\"grid-template-columns:32% auto\"><figure class=\"wp-block-media-text__media\"><img loading=\"lazy\" decoding=\"async\" width=\"1024\" height=\"832\" src=\"https:\/\/zsp2konskie.edu.pl\/wp-content\/uploads\/581745665_1393061196152759_1334433272185010888_n-1024x832.jpg\" alt=\"\" class=\"wp-image-1563 size-full\" style=\"object-position:50% 50%\" srcset=\"https:\/\/zsp2konskie.edu.pl\/wp-content\/uploads\/581745665_1393061196152759_1334433272185010888_n-1024x832.jpg 1024w, https:\/\/zsp2konskie.edu.pl\/wp-content\/uploads\/581745665_1393061196152759_1334433272185010888_n-300x244.jpg 300w, https:\/\/zsp2konskie.edu.pl\/wp-content\/uploads\/581745665_1393061196152759_1334433272185010888_n-768x624.jpg 768w, https:\/\/zsp2konskie.edu.pl\/wp-content\/uploads\/581745665_1393061196152759_1334433272185010888_n.jpg 1477w\" sizes=\"auto, (max-width: 1024px) 100vw, 1024px\" \/><\/figure><div class=\"wp-block-media-text__content\">\n<p>11 listopada poczet sztandarowy naszej szko\u0142y oraz uczniowie i nauczyciele wzi\u0119li udzia\u0142 w uroczystych obchodach Narodowego \u015awi\u0119ta Niepodleg\u0142o\u015bci w Ko\u0144skich, kt\u00f3re odby\u0142y si\u0119 pod Pomnikiem Wdzi\u0119czno\u015bci oraz w marszu ulicami naszego miasta.<\/p>\n\n\n\n<!--more-->\n<\/div><\/div>\n\n\n\n<p>W sk\u0142ad pocztu sztandarowego weszli Patryk Wiaderny, Patrycja Grzegorczyk i Maja Zdziech (2 fsw). Uczniowie byli pod opiek\u0105 pana Artura Ciszka. 7 listopada w\u0142\u0105czyli\u015bmy si\u0119 w og\u00f3lnopolsk\u0105 akcj\u0119 \u201eSzko\u0142a do hymnu\u201d. O godzinie 11:11 uczniowie grono pedagogiczne i dyrektor wraz pani\u0105 komendant Monik\u0105 Jedynak oraz wychowawc\u0105 koneckiego Hufca Pracy od\u015bpiewali wsp\u00f3lnie \u201eMazurka D\u0105browskiego\u201d. Po od\u015bpiewaniu hymnu Polski doby\u0142a si\u0119 akademia upami\u0119tniaj\u0105ca 107 rocznic\u0119 odzyskania niepodleg\u0142o\u015bci w 1918 roku. Na program z\u0142o\u017cy\u0142y si\u0119 wiersze i pie\u015bni patriotyczne, utrwalaj\u0105ce wiedz\u0119 historyczn\u0105 i patriotyzm. Uczestnicy z dum\u0105 oddali ho\u0142d bohaterom, kt\u00f3rzy po\u015bwi\u0119cili \u017cycie dla wolnej Polski. Akademi\u0119 przygotowali uczniowie (I fw, I ms, II fsw) pod kierunkiem nauczycielek, pa\u0144 Wioletty Banasik i Doroty Wilk oraz Doroty R\u00f3\u017calskiej.<\/p>\n\n\n\n<figure class=\"wp-block-image size-large\"><img loading=\"lazy\" decoding=\"async\" width=\"1024\" height=\"832\" src=\"https:\/\/zsp2konskie.edu.pl\/wp-content\/uploads\/581745665_1393061196152759_1334433272185010888_n-1-1024x832.jpg\" alt=\"\" class=\"wp-image-1564\" srcset=\"https:\/\/zsp2konskie.edu.pl\/wp-content\/uploads\/581745665_1393061196152759_1334433272185010888_n-1-1024x832.jpg 1024w, https:\/\/zsp2konskie.edu.pl\/wp-content\/uploads\/581745665_1393061196152759_1334433272185010888_n-1-300x244.jpg 300w, https:\/\/zsp2konskie.edu.pl\/wp-content\/uploads\/581745665_1393061196152759_1334433272185010888_n-1-768x624.jpg 768w, https:\/\/zsp2konskie.edu.pl\/wp-content\/uploads\/581745665_1393061196152759_1334433272185010888_n-1.jpg 1477w\" sizes=\"auto, (max-width: 1024px) 100vw, 1024px\" \/><\/figure>\n\n\n\n<figure class=\"wp-block-image size-large\"><img loading=\"lazy\" decoding=\"async\" width=\"1024\" height=\"746\" src=\"https:\/\/zsp2konskie.edu.pl\/wp-content\/uploads\/WhatsApp-Image-2025-11-07-at-12.11.41-1024x746.jpeg\" alt=\"\" class=\"wp-image-1565\" srcset=\"https:\/\/zsp2konskie.edu.pl\/wp-content\/uploads\/WhatsApp-Image-2025-11-07-at-12.11.41-1024x746.jpeg 1024w, https:\/\/zsp2konskie.edu.pl\/wp-content\/uploads\/WhatsApp-Image-2025-11-07-at-12.11.41-300x219.jpeg 300w, https:\/\/zsp2konskie.edu.pl\/wp-content\/uploads\/WhatsApp-Image-2025-11-07-at-12.11.41-768x560.jpeg 768w, https:\/\/zsp2konskie.edu.pl\/wp-content\/uploads\/WhatsApp-Image-2025-11-07-at-12.11.41.jpeg 1500w\" sizes=\"auto, (max-width: 1024px) 100vw, 1024px\" \/><\/figure>\n\n\n\n<figure class=\"wp-block-image size-large\"><img loading=\"lazy\" decoding=\"async\" width=\"1024\" height=\"512\" src=\"https:\/\/zsp2konskie.edu.pl\/wp-content\/uploads\/WhatsApp-Image-2025-11-07-at-12.11.49-1024x512.jpeg\" alt=\"\" class=\"wp-image-1566\" srcset=\"https:\/\/zsp2konskie.edu.pl\/wp-content\/uploads\/WhatsApp-Image-2025-11-07-at-12.11.49-1024x512.jpeg 1024w, https:\/\/zsp2konskie.edu.pl\/wp-content\/uploads\/WhatsApp-Image-2025-11-07-at-12.11.49-300x150.jpeg 300w, https:\/\/zsp2konskie.edu.pl\/wp-content\/uploads\/WhatsApp-Image-2025-11-07-at-12.11.49-768x384.jpeg 768w, https:\/\/zsp2konskie.edu.pl\/wp-content\/uploads\/WhatsApp-Image-2025-11-07-at-12.11.49-1536x768.jpeg 1536w, https:\/\/zsp2konskie.edu.pl\/wp-content\/uploads\/WhatsApp-Image-2025-11-07-at-12.11.49.jpeg 2000w\" sizes=\"auto, (max-width: 1024px) 100vw, 1024px\" \/><\/figure>\n\n\n\n<figure class=\"wp-block-image size-large\"><img loading=\"lazy\" decoding=\"async\" width=\"768\" height=\"1024\" src=\"https:\/\/zsp2konskie.edu.pl\/wp-content\/uploads\/WhatsApp-Image-2025-11-11-at-20.43.18-768x1024.jpeg\" alt=\"\" class=\"wp-image-1567\" srcset=\"https:\/\/zsp2konskie.edu.pl\/wp-content\/uploads\/WhatsApp-Image-2025-11-11-at-20.43.18-768x1024.jpeg 768w, https:\/\/zsp2konskie.edu.pl\/wp-content\/uploads\/WhatsApp-Image-2025-11-11-at-20.43.18-225x300.jpeg 225w, https:\/\/zsp2konskie.edu.pl\/wp-content\/uploads\/WhatsApp-Image-2025-11-11-at-20.43.18-1152x1536.jpeg 1152w, https:\/\/zsp2konskie.edu.pl\/wp-content\/uploads\/WhatsApp-Image-2025-11-11-at-20.43.18.jpeg 1200w\" sizes=\"auto, (max-width: 768px) 100vw, 768px\" \/><\/figure>\n\n\n\n<figure class=\"wp-block-image size-large\"><img loading=\"lazy\" decoding=\"async\" width=\"768\" height=\"1024\" src=\"https:\/\/zsp2konskie.edu.pl\/wp-content\/uploads\/WhatsApp-Image-2025-11-11-at-20.43.19-768x1024.jpeg\" alt=\"\" class=\"wp-image-1568\" srcset=\"https:\/\/zsp2konskie.edu.pl\/wp-content\/uploads\/WhatsApp-Image-2025-11-11-at-20.43.19-768x1024.jpeg 768w, https:\/\/zsp2konskie.edu.pl\/wp-content\/uploads\/WhatsApp-Image-2025-11-11-at-20.43.19-225x300.jpeg 225w, https:\/\/zsp2konskie.edu.pl\/wp-content\/uploads\/WhatsApp-Image-2025-11-11-at-20.43.19-1152x1536.jpeg 1152w, https:\/\/zsp2konskie.edu.pl\/wp-content\/uploads\/WhatsApp-Image-2025-11-11-at-20.43.19.jpeg 1200w\" sizes=\"auto, (max-width: 768px) 100vw, 768px\" \/><\/figure>\n\n\n\n<figure class=\"wp-block-image size-large\"><img loading=\"lazy\" decoding=\"async\" width=\"768\" height=\"1024\" src=\"https:\/\/zsp2konskie.edu.pl\/wp-content\/uploads\/WhatsApp-Image-2025-11-07-at-12.11.38-768x1024.jpeg\" alt=\"\" class=\"wp-image-1569\" srcset=\"https:\/\/zsp2konskie.edu.pl\/wp-content\/uploads\/WhatsApp-Image-2025-11-07-at-12.11.38-768x1024.jpeg 768w, https:\/\/zsp2konskie.edu.pl\/wp-content\/uploads\/WhatsApp-Image-2025-11-07-at-12.11.38-225x300.jpeg 225w, https:\/\/zsp2konskie.edu.pl\/wp-content\/uploads\/WhatsApp-Image-2025-11-07-at-12.11.38-1152x1536.jpeg 1152w, https:\/\/zsp2konskie.edu.pl\/wp-content\/uploads\/WhatsApp-Image-2025-11-07-at-12.11.38.jpeg 1500w\" sizes=\"auto, (max-width: 768px) 100vw, 768px\" \/><\/figure>\n","protected":false},"excerpt":{"rendered":"<p>11 listopada poczet sztandarowy naszej szko\u0142y oraz uczniowie i nauczyciele wzi\u0119li udzia\u0142 w uroczystych obchodach Narodowego \u015awi\u0119ta Niepodleg\u0142o\u015bci w Ko\u0144skich, kt\u00f3re odby\u0142y si\u0119 pod Pomnikiem Wdzi\u0119czno\u015bci oraz w marszu ulicami naszego miasta.<\/p>\n","protected":false},"author":1,"featured_media":0,"comment_status":"closed","ping_status":"","sticky":false,"template":"","format":"standard","meta":{"footnotes":""},"categories":[5],"tags":[],"class_list":["post-1562","post","type-post","status-publish","format-standard","hentry","category-news"],"_links":{"self":[{"href":"https:\/\/zsp2konskie.edu.pl\/index.php\/wp-json\/wp\/v2\/posts\/1562","targetHints":{"allow":["GET"]}}],"collection":[{"href":"https:\/\/zsp2konskie.edu.pl\/index.php\/wp-json\/wp\/v2\/posts"}],"about":[{"href":"https:\/\/zsp2konskie.edu.pl\/index.php\/wp-json\/wp\/v2\/types\/post"}],"author":[{"embeddable":true,"href":"https:\/\/zsp2konskie.edu.pl\/index.php\/wp-json\/wp\/v2\/users\/1"}],"replies":[{"embeddable":true,"href":"https:\/\/zsp2konskie.edu.pl\/index.php\/wp-json\/wp\/v2\/comments?post=1562"}],"version-history":[{"count":1,"href":"https:\/\/zsp2konskie.edu.pl\/index.php\/wp-json\/wp\/v2\/posts\/1562\/revisions"}],"predecessor-version":[{"id":1570,"href":"https:\/\/zsp2konskie.edu.pl\/index.php\/wp-json\/wp\/v2\/posts\/1562\/revisions\/1570"}],"wp:attachment":[{"href":"https:\/\/zsp2konskie.edu.pl\/index.php\/wp-json\/wp\/v2\/media?parent=1562"}],"wp:term":[{"taxonomy":"category","embeddable":true,"href":"https:\/\/zsp2konskie.edu.pl\/index.php\/wp-json\/wp\/v2\/categories?post=1562"},{"taxonomy":"post_tag","embeddable":true,"href":"https:\/\/zsp2konskie.edu.pl\/index.php\/wp-json\/wp\/v2\/tags?post=1562"}],"curies":[{"name":"wp","href":"https:\/\/api.w.org\/{rel}","templated":true}]}}