{"id":1555,"date":"2025-11-13T12:52:23","date_gmt":"2025-11-13T11:52:23","guid":{"rendered":"https:\/\/zsp2konskie.edu.pl\/?p=1555"},"modified":"2025-11-13T12:52:23","modified_gmt":"2025-11-13T11:52:23","slug":"listopadowe-porzadki","status":"publish","type":"post","link":"https:\/\/zsp2konskie.edu.pl\/index.php\/2025\/11\/13\/listopadowe-porzadki\/","title":{"rendered":"LISTOPADOWE PORZ\u0104DKI"},"content":{"rendered":"\n<div class=\"wp-block-media-text is-stacked-on-mobile is-vertically-aligned-center is-image-fill-element\" style=\"grid-template-columns:32% auto\"><figure class=\"wp-block-media-text__media\"><img loading=\"lazy\" decoding=\"async\" width=\"851\" height=\"1024\" src=\"https:\/\/zsp2konskie.edu.pl\/wp-content\/uploads\/WhatsApp-Image-2025-11-03-at-10.59.11-851x1024.jpeg\" alt=\"\" class=\"wp-image-1556 size-full\" style=\"object-position:50% 50%\" srcset=\"https:\/\/zsp2konskie.edu.pl\/wp-content\/uploads\/WhatsApp-Image-2025-11-03-at-10.59.11-851x1024.jpeg 851w, https:\/\/zsp2konskie.edu.pl\/wp-content\/uploads\/WhatsApp-Image-2025-11-03-at-10.59.11-249x300.jpeg 249w, https:\/\/zsp2konskie.edu.pl\/wp-content\/uploads\/WhatsApp-Image-2025-11-03-at-10.59.11-768x924.jpeg 768w, https:\/\/zsp2konskie.edu.pl\/wp-content\/uploads\/WhatsApp-Image-2025-11-03-at-10.59.11-1277x1536.jpeg 1277w, https:\/\/zsp2konskie.edu.pl\/wp-content\/uploads\/WhatsApp-Image-2025-11-03-at-10.59.11.jpeg 1320w\" sizes=\"auto, (max-width: 851px) 100vw, 851px\" \/><\/figure><div class=\"wp-block-media-text__content\">\n<p>Pocz\u0105tek listopada niezmiennie wi\u0105\u017ce si\u0119 z nostalgia i wspomnieniem tych, kt\u00f3rzy odeszli.<\/p>\n\n\n\n<!--more-->\n<\/div><\/div>\n\n\n\n<p><br>M\u0142odzie\u017c naszej szko\u0142y opiekuje si\u0119 tablic\u0105 upami\u0119tniaj\u0105c\u0105 ofiary obozu jenieckiego znajduj\u0105cego si\u0119 podczas II wojny \u015bwiatowej na terenie naszej szko\u0142y, a obecnie r\u00f3wnie\u017c \u2013 Pa\u0144stwowej Stra\u017cy Po\u017carnej w Ko\u0144skich. W\u015br\u00f3d zamordowanych ofiar byli Rosjanie, Norwegowie. Pami\u0119\u0107 jest najwa\u017cniejsza. Dlatego uczniowie porz\u0105dkuj\u0105 obszar wok\u00f3\u0142 tablicy, zapalaj\u0105 znicza i stawiaj\u0105 symboliczn\u0105 chryzantem\u0119. Mimo wsp\u00f3\u0142czesnych konflikt\u00f3w zbrojnych, mimo wojny za wschodni\u0105 granic\u0105,i niech\u0119ci wobec Rosjan, trzeba pami\u0119ta\u0107 o ofiarach III Rzeszy. Bo pami\u0119\u0107 jest najwa\u017cniejsza.<\/p>\n\n\n\n<figure class=\"wp-block-image size-large\"><img loading=\"lazy\" decoding=\"async\" width=\"768\" height=\"1024\" src=\"https:\/\/zsp2konskie.edu.pl\/wp-content\/uploads\/WhatsApp-Image-2025-11-03-at-10.59.12-1-768x1024.jpeg\" alt=\"\" class=\"wp-image-1557\" srcset=\"https:\/\/zsp2konskie.edu.pl\/wp-content\/uploads\/WhatsApp-Image-2025-11-03-at-10.59.12-1-768x1024.jpeg 768w, https:\/\/zsp2konskie.edu.pl\/wp-content\/uploads\/WhatsApp-Image-2025-11-03-at-10.59.12-1-225x300.jpeg 225w, https:\/\/zsp2konskie.edu.pl\/wp-content\/uploads\/WhatsApp-Image-2025-11-03-at-10.59.12-1-1152x1536.jpeg 1152w, https:\/\/zsp2konskie.edu.pl\/wp-content\/uploads\/WhatsApp-Image-2025-11-03-at-10.59.12-1.jpeg 1500w\" sizes=\"auto, (max-width: 768px) 100vw, 768px\" \/><\/figure>\n\n\n\n<figure class=\"wp-block-image size-large\"><img loading=\"lazy\" decoding=\"async\" width=\"851\" height=\"1024\" src=\"https:\/\/zsp2konskie.edu.pl\/wp-content\/uploads\/WhatsApp-Image-2025-11-03-at-10.59.11-1-851x1024.jpeg\" alt=\"\" class=\"wp-image-1558\" srcset=\"https:\/\/zsp2konskie.edu.pl\/wp-content\/uploads\/WhatsApp-Image-2025-11-03-at-10.59.11-1-851x1024.jpeg 851w, https:\/\/zsp2konskie.edu.pl\/wp-content\/uploads\/WhatsApp-Image-2025-11-03-at-10.59.11-1-249x300.jpeg 249w, https:\/\/zsp2konskie.edu.pl\/wp-content\/uploads\/WhatsApp-Image-2025-11-03-at-10.59.11-1-768x924.jpeg 768w, https:\/\/zsp2konskie.edu.pl\/wp-content\/uploads\/WhatsApp-Image-2025-11-03-at-10.59.11-1-1277x1536.jpeg 1277w, https:\/\/zsp2konskie.edu.pl\/wp-content\/uploads\/WhatsApp-Image-2025-11-03-at-10.59.11-1.jpeg 1320w\" sizes=\"auto, (max-width: 851px) 100vw, 851px\" \/><\/figure>\n","protected":false},"excerpt":{"rendered":"<p>Pocz\u0105tek listopada niezmiennie wi\u0105\u017ce si\u0119 z nostalgia i wspomnieniem tych, kt\u00f3rzy odeszli.<\/p>\n","protected":false},"author":1,"featured_media":0,"comment_status":"closed","ping_status":"","sticky":false,"template":"","format":"standard","meta":{"footnotes":""},"categories":[5],"tags":[],"class_list":["post-1555","post","type-post","status-publish","format-standard","hentry","category-news"],"_links":{"self":[{"href":"https:\/\/zsp2konskie.edu.pl\/index.php\/wp-json\/wp\/v2\/posts\/1555","targetHints":{"allow":["GET"]}}],"collection":[{"href":"https:\/\/zsp2konskie.edu.pl\/index.php\/wp-json\/wp\/v2\/posts"}],"about":[{"href":"https:\/\/zsp2konskie.edu.pl\/index.php\/wp-json\/wp\/v2\/types\/post"}],"author":[{"embeddable":true,"href":"https:\/\/zsp2konskie.edu.pl\/index.php\/wp-json\/wp\/v2\/users\/1"}],"replies":[{"embeddable":true,"href":"https:\/\/zsp2konskie.edu.pl\/index.php\/wp-json\/wp\/v2\/comments?post=1555"}],"version-history":[{"count":1,"href":"https:\/\/zsp2konskie.edu.pl\/index.php\/wp-json\/wp\/v2\/posts\/1555\/revisions"}],"predecessor-version":[{"id":1559,"href":"https:\/\/zsp2konskie.edu.pl\/index.php\/wp-json\/wp\/v2\/posts\/1555\/revisions\/1559"}],"wp:attachment":[{"href":"https:\/\/zsp2konskie.edu.pl\/index.php\/wp-json\/wp\/v2\/media?parent=1555"}],"wp:term":[{"taxonomy":"category","embeddable":true,"href":"https:\/\/zsp2konskie.edu.pl\/index.php\/wp-json\/wp\/v2\/categories?post=1555"},{"taxonomy":"post_tag","embeddable":true,"href":"https:\/\/zsp2konskie.edu.pl\/index.php\/wp-json\/wp\/v2\/tags?post=1555"}],"curies":[{"name":"wp","href":"https:\/\/api.w.org\/{rel}","templated":true}]}}