{"id":1537,"date":"2025-10-28T13:35:18","date_gmt":"2025-10-28T12:35:18","guid":{"rendered":"https:\/\/zsp2konskie.edu.pl\/?p=1537"},"modified":"2025-10-28T13:35:18","modified_gmt":"2025-10-28T12:35:18","slug":"swiatowy-dzien-przywracania-czynnosci-serca","status":"publish","type":"post","link":"https:\/\/zsp2konskie.edu.pl\/index.php\/2025\/10\/28\/swiatowy-dzien-przywracania-czynnosci-serca\/","title":{"rendered":"\u015aWIATOWY DZIE\u0143 PRZYWRACANIA CZYNNO\u015aCI SERCA"},"content":{"rendered":"\n<div class=\"wp-block-media-text is-stacked-on-mobile is-vertically-aligned-center is-image-fill-element\" style=\"grid-template-columns:32% auto\"><figure class=\"wp-block-media-text__media\"><img loading=\"lazy\" decoding=\"async\" width=\"768\" height=\"1024\" src=\"https:\/\/zsp2konskie.edu.pl\/wp-content\/uploads\/WhatsApp-Image-2025-10-22-at-13.00.37-1-768x1024.jpeg\" alt=\"\" class=\"wp-image-1538 size-full\" style=\"object-position:50% 50%\" srcset=\"https:\/\/zsp2konskie.edu.pl\/wp-content\/uploads\/WhatsApp-Image-2025-10-22-at-13.00.37-1-768x1024.jpeg 768w, https:\/\/zsp2konskie.edu.pl\/wp-content\/uploads\/WhatsApp-Image-2025-10-22-at-13.00.37-1-225x300.jpeg 225w, https:\/\/zsp2konskie.edu.pl\/wp-content\/uploads\/WhatsApp-Image-2025-10-22-at-13.00.37-1.jpeg 984w\" sizes=\"auto, (max-width: 768px) 100vw, 768px\" \/><\/figure><div class=\"wp-block-media-text__content\">\n<p><strong>22 pa\u017adziernika odby\u0142a si\u0119 w naszej szkole kolejna akcja profilaktyczna. Tym razem z okazji \u015awiatowego Dnia Przywracania Czynno\u015bci Serca zgromadzeni widzowie, czyli zaproszeni go\u015bcie, dyrekcja oraz uczniowie klas pierwszych i trzecich pod opiek\u0105 nauczycieli, a tak\u017ce pracownicy szko\u0142y uczestniczyli w pokazie akcji przywracania kr\u0105\u017cenia przeprowadzonej przez ratownika medycznego Marcina Pytlosa, Artura Ciszka i Ann\u0119 Siemieniec.<\/strong><\/p>\n\n\n\n<!--more-->\n<\/div><\/div>\n\n\n\n<p><strong>W\u015br\u00f3d go\u015bci znale\u017ali si\u0119 m.in.: przedstawiciele Starostwa Powiatowego w Ko\u0144skich, Wojciech Owczarek i Dariusz Banasik, ppor. Anna Siemieniec, dow\u00f3dca kompanii sanitarnej X \u015awi\u0119tokrzyskiej Brygady Wojsk Obrony Terytorialnej, druh Mariusz Kos, prezes OSP KSRG w Kozowie, komendant Monika Jedynak i Justyna Ciszek, 13-5 HP Ko\u0144skie, a tak\u017ce Janusz Asztamborski i Tadeusz Fitas z klubu motocyklowego Czarna Flota. Po instrukta\u017cu, odby\u0142y si\u0119 \u0107wiczenia na fantomach resuscytacji, z u\u017cyciem defibrylatora. Na zako\u0144czenie pokazu ratowano pacjenta, kt\u00f3ry si\u0119 zach\u0142ysn\u0105\u0142 podczas jedzenia. W tym \u0107wiczeniu u\u017cyta zosta\u0142a specjalna kamizelka, dzi\u0119ki kt\u00f3rej widzowie zobaczyli cia\u0142o obce blokuj\u0105ce prze\u0142yk. Ta kamizelka to prezent dla szko\u0142y od pani Agnieszki Swat, reprezentuj\u0105cej firma ochroniarska Cza -Ta, oddzia\u0142 w Ko\u0144skich.<\/strong> <strong>&#8222;Czad cichy zab\u00f3jca&#8221;. Ten temat przedstawi\u0142 rzecznik prasowy Komendy Powiatowej Pa\u0144stwowej Stra\u017cy Po\u017carnej w Ko\u0144skich m\u0142odszy brygadier Mariusz Czapelski. Przypomnia\u0142 dzia\u0142anie czujki czadu oraz dymu, przyczyny, objawy i sposoby zapobiegania zatruciom. Przypomnia\u0142, \u017ce regularne przegl\u0105dy instalacji grzewczych i czujniki czadu mog\u0105 uratowa\u0107 \u017cycie.<\/strong> <strong>Kolejnym, bardzo aktualnym, tematem by\u0142o poruszanie si\u0119 pieszych, rowerzyst\u00f3w i hulajn\u00f3g elektrycznych po drogach w okresie jesienno-zimowym, kiedy widoczno\u015b\u0107 spada, a bezpiecze\u0144stwo mog\u0105 zapewni\u0107 odblaski. Funkcjonariusze z Wydzia\u0142u Ruchu Drogowego z Komendy Powiatowej Policji w Ko\u0144skich, komisarz \u0141ukasz Morka i aspirant sztabowy Tomasz Sobo\u0144 poinformowali o zasadach bezpiecze\u0144stwa i przepisach poruszania sie hulajnog\u0105, ich dozwolonej szybko\u015bci i terenu, po kt\u00f3rym mog\u0105 si\u0119 porusza\u0107. Warto podkre\u015bli\u0107, \u017ce hulajnoga, to nie jest zabawka, ale mo\u017ce sta\u0107 si\u0119 w r\u0119kach nieodpowiedzialnej osoby, niebezpiecznym narz\u0119dziem prowadzacym do \u015bmierci. M\u0142odzie\u017c mia\u0142a mo\u017cliwo\u015b\u0107 obejrzenia sprz\u0119tu stra\u017cackiego, przygotowanego przez stra\u017cak\u00f3w koneckiej PPSP. Po wyczerpuj\u0105cych \u0107wiczeniach go\u015bcie zostali zaproszeni<\/strong> na pocz\u0119stunek przygotowany przez zaprzyja\u017anionych pracodawc\u00f3w oraz nauczycieli. <strong>P<\/strong>rogram prowadzili <strong>Ma\u0142gosia Borowska i Kuba Kowalczyk (1 fsw)<\/strong>. Wydarzenie zorganizowa\u0142 pan Artur Ciszek we wsp\u00f3\u0142pracy z koneckim hufcem oraz panem Marcinem Pytlosem.<\/p>\n\n\n\n<figure class=\"wp-block-image size-large\"><img loading=\"lazy\" decoding=\"async\" width=\"1024\" height=\"846\" src=\"https:\/\/zsp2konskie.edu.pl\/wp-content\/uploads\/WhatsApp-Image-2025-10-22-at-13.00.39-1024x846.jpeg\" alt=\"\" class=\"wp-image-1539\" srcset=\"https:\/\/zsp2konskie.edu.pl\/wp-content\/uploads\/WhatsApp-Image-2025-10-22-at-13.00.39-1024x846.jpeg 1024w, https:\/\/zsp2konskie.edu.pl\/wp-content\/uploads\/WhatsApp-Image-2025-10-22-at-13.00.39-300x248.jpeg 300w, https:\/\/zsp2konskie.edu.pl\/wp-content\/uploads\/WhatsApp-Image-2025-10-22-at-13.00.39-768x634.jpeg 768w, https:\/\/zsp2konskie.edu.pl\/wp-content\/uploads\/WhatsApp-Image-2025-10-22-at-13.00.39.jpeg 1500w\" sizes=\"auto, (max-width: 1024px) 100vw, 1024px\" \/><\/figure>\n\n\n\n<figure class=\"wp-block-image size-large\"><img loading=\"lazy\" decoding=\"async\" width=\"768\" height=\"1024\" src=\"https:\/\/zsp2konskie.edu.pl\/wp-content\/uploads\/WhatsApp-Image-2025-10-22-at-13.00.01-768x1024.jpeg\" alt=\"\" class=\"wp-image-1540\" srcset=\"https:\/\/zsp2konskie.edu.pl\/wp-content\/uploads\/WhatsApp-Image-2025-10-22-at-13.00.01-768x1024.jpeg 768w, https:\/\/zsp2konskie.edu.pl\/wp-content\/uploads\/WhatsApp-Image-2025-10-22-at-13.00.01-225x300.jpeg 225w, https:\/\/zsp2konskie.edu.pl\/wp-content\/uploads\/WhatsApp-Image-2025-10-22-at-13.00.01-1152x1536.jpeg 1152w, https:\/\/zsp2konskie.edu.pl\/wp-content\/uploads\/WhatsApp-Image-2025-10-22-at-13.00.01.jpeg 1500w\" sizes=\"auto, (max-width: 768px) 100vw, 768px\" \/><\/figure>\n\n\n\n<figure class=\"wp-block-image size-large\"><img loading=\"lazy\" decoding=\"async\" width=\"768\" height=\"1024\" src=\"https:\/\/zsp2konskie.edu.pl\/wp-content\/uploads\/WhatsApp-Image-2025-10-22-at-13.00.37-1-1-768x1024.jpeg\" alt=\"\" class=\"wp-image-1541\" srcset=\"https:\/\/zsp2konskie.edu.pl\/wp-content\/uploads\/WhatsApp-Image-2025-10-22-at-13.00.37-1-1-768x1024.jpeg 768w, https:\/\/zsp2konskie.edu.pl\/wp-content\/uploads\/WhatsApp-Image-2025-10-22-at-13.00.37-1-1-225x300.jpeg 225w, https:\/\/zsp2konskie.edu.pl\/wp-content\/uploads\/WhatsApp-Image-2025-10-22-at-13.00.37-1-1.jpeg 984w\" sizes=\"auto, (max-width: 768px) 100vw, 768px\" \/><\/figure>\n\n\n\n<figure class=\"wp-block-image size-large\"><img loading=\"lazy\" decoding=\"async\" width=\"1024\" height=\"875\" src=\"https:\/\/zsp2konskie.edu.pl\/wp-content\/uploads\/WhatsApp-Image-2025-10-22-at-13.00.00-2-1024x875.jpeg\" alt=\"\" class=\"wp-image-1542\" srcset=\"https:\/\/zsp2konskie.edu.pl\/wp-content\/uploads\/WhatsApp-Image-2025-10-22-at-13.00.00-2-1024x875.jpeg 1024w, https:\/\/zsp2konskie.edu.pl\/wp-content\/uploads\/WhatsApp-Image-2025-10-22-at-13.00.00-2-300x256.jpeg 300w, https:\/\/zsp2konskie.edu.pl\/wp-content\/uploads\/WhatsApp-Image-2025-10-22-at-13.00.00-2-768x656.jpeg 768w, https:\/\/zsp2konskie.edu.pl\/wp-content\/uploads\/WhatsApp-Image-2025-10-22-at-13.00.00-2.jpeg 1500w\" sizes=\"auto, (max-width: 1024px) 100vw, 1024px\" \/><\/figure>\n","protected":false},"excerpt":{"rendered":"<p>22 pa\u017adziernika odby\u0142a si\u0119 w naszej szkole kolejna akcja profilaktyczna. Tym razem z okazji \u015awiatowego Dnia Przywracania Czynno\u015bci Serca zgromadzeni widzowie, czyli zaproszeni go\u015bcie, dyrekcja oraz uczniowie klas pierwszych i trzecich pod opiek\u0105 nauczycieli, a tak\u017ce pracownicy szko\u0142y uczestniczyli w pokazie akcji przywracania kr\u0105\u017cenia przeprowadzonej przez ratownika medycznego Marcina Pytlosa, Artura Ciszka i Ann\u0119 Siemieniec.<\/p>\n","protected":false},"author":1,"featured_media":0,"comment_status":"closed","ping_status":"","sticky":false,"template":"","format":"standard","meta":{"footnotes":""},"categories":[5],"tags":[],"class_list":["post-1537","post","type-post","status-publish","format-standard","hentry","category-news"],"_links":{"self":[{"href":"https:\/\/zsp2konskie.edu.pl\/index.php\/wp-json\/wp\/v2\/posts\/1537","targetHints":{"allow":["GET"]}}],"collection":[{"href":"https:\/\/zsp2konskie.edu.pl\/index.php\/wp-json\/wp\/v2\/posts"}],"about":[{"href":"https:\/\/zsp2konskie.edu.pl\/index.php\/wp-json\/wp\/v2\/types\/post"}],"author":[{"embeddable":true,"href":"https:\/\/zsp2konskie.edu.pl\/index.php\/wp-json\/wp\/v2\/users\/1"}],"replies":[{"embeddable":true,"href":"https:\/\/zsp2konskie.edu.pl\/index.php\/wp-json\/wp\/v2\/comments?post=1537"}],"version-history":[{"count":1,"href":"https:\/\/zsp2konskie.edu.pl\/index.php\/wp-json\/wp\/v2\/posts\/1537\/revisions"}],"predecessor-version":[{"id":1543,"href":"https:\/\/zsp2konskie.edu.pl\/index.php\/wp-json\/wp\/v2\/posts\/1537\/revisions\/1543"}],"wp:attachment":[{"href":"https:\/\/zsp2konskie.edu.pl\/index.php\/wp-json\/wp\/v2\/media?parent=1537"}],"wp:term":[{"taxonomy":"category","embeddable":true,"href":"https:\/\/zsp2konskie.edu.pl\/index.php\/wp-json\/wp\/v2\/categories?post=1537"},{"taxonomy":"post_tag","embeddable":true,"href":"https:\/\/zsp2konskie.edu.pl\/index.php\/wp-json\/wp\/v2\/tags?post=1537"}],"curies":[{"name":"wp","href":"https:\/\/api.w.org\/{rel}","templated":true}]}}