{"id":1413,"date":"2025-06-09T12:14:57","date_gmt":"2025-06-09T10:14:57","guid":{"rendered":"https:\/\/zsp2konskie.edu.pl\/?p=1413"},"modified":"2025-06-09T12:14:57","modified_gmt":"2025-06-09T10:14:57","slug":"slowa-ucza-przyklady-pociagaja","status":"publish","type":"post","link":"https:\/\/zsp2konskie.edu.pl\/index.php\/2025\/06\/09\/slowa-ucza-przyklady-pociagaja\/","title":{"rendered":",,S\u0141OWA UCZ\u0104, PRZYK\u0141ADY POCI\u0104GAJ\u0104&#8221;"},"content":{"rendered":"\n<div class=\"wp-block-media-text is-stacked-on-mobile is-vertically-aligned-center is-image-fill-element\" style=\"grid-template-columns:32% auto\"><figure class=\"wp-block-media-text__media\"><img loading=\"lazy\" decoding=\"async\" width=\"1024\" height=\"638\" src=\"https:\/\/zsp2konskie.edu.pl\/wp-content\/uploads\/prawica_5-1-1024x638.jpg\" alt=\"\" class=\"wp-image-1414 size-full\" style=\"object-position:50% 50%\" srcset=\"https:\/\/zsp2konskie.edu.pl\/wp-content\/uploads\/prawica_5-1-1024x638.jpg 1024w, https:\/\/zsp2konskie.edu.pl\/wp-content\/uploads\/prawica_5-1-300x187.jpg 300w, https:\/\/zsp2konskie.edu.pl\/wp-content\/uploads\/prawica_5-1-768x478.jpg 768w, https:\/\/zsp2konskie.edu.pl\/wp-content\/uploads\/prawica_5-1-1536x956.jpg 1536w, https:\/\/zsp2konskie.edu.pl\/wp-content\/uploads\/prawica_5-1.jpg 1852w\" sizes=\"auto, (max-width: 1024px) 100vw, 1024px\" \/><\/figure><div class=\"wp-block-media-text__content\">\n<p>21 marca przedstawicielki Szkolnego Ko\u0142a Wolontariatu, Wiktoria Buczy\u0144ska, Patrycja Paku\u0142a i Aleksandra Stachura,, wzi\u0119\u0142y udzia\u0142 w konkursach, plastycznym oraz I Powiatowym Konkursie Wiedzy o ks. Marcelim Prawicy.<\/p>\n\n\n\n<!--more-->\n<\/div><\/div>\n\n\n\n<p>Marceli Prawica to wyj\u0105tkowy cz\u0142owiek, kap\u0142an i przede wszystkim misjonarz. Swoj\u0105 drog\u0119 misyjn\u0105 rozpocz\u0105\u0142 w latach 70-tych XX wieku w Zambii. Cz\u0119sto przyje\u017cd\u017ca\u0142 do Ko\u0144skich i opowiada\u0142 o swojej pracy w Afryce. Zmar\u0142 w 2017 roku w Ko\u0144skich i tutaj zosta\u0142 pochowany. Apelowa\u0142, by pomaga\u0107 s\u0142abszym i nie odwraca\u0107 g\u0142owy od potrzebuj\u0105cych, ze szczeg\u00f3lnym uwzgl\u0119dnieniem dzie\u0142a misyjnego.<\/p>\n\n\n\n<p>23 maja odby\u0142o si\u0119 podsumowanie konkurs\u00f3w w siedzibie Koneckiego Stowarzyszenia Wspierania Przedsi\u0119biorczo\u015bci. Uczennice otrzyma\u0142y pami\u0105tkowe dyplomy, a nauczycielki, Weronika Salata i Iwona S\u0119kowska, przygotowuj\u0105ce uczestniczki, zosta\u0142y nagrodzone ksi\u0105\u017ckami o \u017cyciu ksi\u0119dza J\u00f3zefa Tischnera. Praca wolontariatu to nie tylko dobroczynno\u015b\u0107, ale r\u00f3wnie\u017c nawi\u0105zywanie wsp\u00f3\u0142pracy, udzia\u0142 w szkoleniach, poznawanie i na\u015bladowanie ludzi dobrych. A tak\u0105 osob\u0105 by\u0142 ksi\u0105dz Marceli. Najwi\u0119ksz\u0105 warto\u015bci\u0105 spotkania by\u0142o poznanie dzia\u0142alno\u015bci Marcelego Prawicy w r\u00f3\u017cnorodnej formie, poprzez literatur\u0119 konkursow\u0105, prezentacje, przem\u00f3wienia oraz \u015bwiadectwa. Ponadto nasza szko\u0142a nawi\u0105za\u0142a dialog i wsp\u00f3\u0142prac\u0119 z panem Tomaszem Prawic\u0105, bratankiem ksi\u0119dza, a tak\u017ce z Fundacj\u0105 Misja i Pami\u0119\u0107 Ksi\u0119dza Marcelego Prawicy. Szkolimy si\u0119, dzia\u0142amy i planujemy, by wsp\u00f3lnie doskonali\u0107 si\u0119 w wolontariacie.<\/p>\n\n\n","protected":false},"excerpt":{"rendered":"<p>21 marca przedstawicielki Szkolnego Ko\u0142a Wolontariatu, Wiktoria Buczy\u0144ska, Patrycja Paku\u0142a i Aleksandra Stachura,, wzi\u0119\u0142y udzia\u0142 w konkursach, plastycznym oraz I Powiatowym Konkursie Wiedzy o ks. Marcelim Prawicy.<\/p>\n","protected":false},"author":1,"featured_media":0,"comment_status":"closed","ping_status":"","sticky":false,"template":"","format":"standard","meta":{"footnotes":""},"categories":[5],"tags":[],"class_list":["post-1413","post","type-post","status-publish","format-standard","hentry","category-news"],"_links":{"self":[{"href":"https:\/\/zsp2konskie.edu.pl\/index.php\/wp-json\/wp\/v2\/posts\/1413","targetHints":{"allow":["GET"]}}],"collection":[{"href":"https:\/\/zsp2konskie.edu.pl\/index.php\/wp-json\/wp\/v2\/posts"}],"about":[{"href":"https:\/\/zsp2konskie.edu.pl\/index.php\/wp-json\/wp\/v2\/types\/post"}],"author":[{"embeddable":true,"href":"https:\/\/zsp2konskie.edu.pl\/index.php\/wp-json\/wp\/v2\/users\/1"}],"replies":[{"embeddable":true,"href":"https:\/\/zsp2konskie.edu.pl\/index.php\/wp-json\/wp\/v2\/comments?post=1413"}],"version-history":[{"count":1,"href":"https:\/\/zsp2konskie.edu.pl\/index.php\/wp-json\/wp\/v2\/posts\/1413\/revisions"}],"predecessor-version":[{"id":1415,"href":"https:\/\/zsp2konskie.edu.pl\/index.php\/wp-json\/wp\/v2\/posts\/1413\/revisions\/1415"}],"wp:attachment":[{"href":"https:\/\/zsp2konskie.edu.pl\/index.php\/wp-json\/wp\/v2\/media?parent=1413"}],"wp:term":[{"taxonomy":"category","embeddable":true,"href":"https:\/\/zsp2konskie.edu.pl\/index.php\/wp-json\/wp\/v2\/categories?post=1413"},{"taxonomy":"post_tag","embeddable":true,"href":"https:\/\/zsp2konskie.edu.pl\/index.php\/wp-json\/wp\/v2\/tags?post=1413"}],"curies":[{"name":"wp","href":"https:\/\/api.w.org\/{rel}","templated":true}]}}