{"id":1398,"date":"2025-05-13T08:41:59","date_gmt":"2025-05-13T06:41:59","guid":{"rendered":"https:\/\/zsp2konskie.edu.pl\/?p=1398"},"modified":"2025-05-13T08:41:59","modified_gmt":"2025-05-13T06:41:59","slug":"nasi-w-areszcie-ale-tylko-goscinnie","status":"publish","type":"post","link":"https:\/\/zsp2konskie.edu.pl\/index.php\/2025\/05\/13\/nasi-w-areszcie-ale-tylko-goscinnie\/","title":{"rendered":"NASI W ARESZCIE! &#8211; ALE TYLKO GO\u015aCINNIE&#8230;"},"content":{"rendered":"\n<div class=\"wp-block-media-text is-stacked-on-mobile is-vertically-aligned-center is-image-fill-element\" style=\"grid-template-columns:32% auto\"><figure class=\"wp-block-media-text__media\"><img loading=\"lazy\" decoding=\"async\" width=\"1024\" height=\"768\" src=\"https:\/\/zsp2konskie.edu.pl\/wp-content\/uploads\/494360152_535609059432484_402340766800580542_n-1024x768.jpg\" alt=\"\" class=\"wp-image-1399 size-full\" style=\"object-position:50% 50%\" srcset=\"https:\/\/zsp2konskie.edu.pl\/wp-content\/uploads\/494360152_535609059432484_402340766800580542_n-1024x768.jpg 1024w, https:\/\/zsp2konskie.edu.pl\/wp-content\/uploads\/494360152_535609059432484_402340766800580542_n-300x225.jpg 300w, https:\/\/zsp2konskie.edu.pl\/wp-content\/uploads\/494360152_535609059432484_402340766800580542_n-768x576.jpg 768w, https:\/\/zsp2konskie.edu.pl\/wp-content\/uploads\/494360152_535609059432484_402340766800580542_n.jpg 1280w\" sizes=\"auto, (max-width: 1024px) 100vw, 1024px\" \/><\/figure><div class=\"wp-block-media-text__content\">\n<p>6 maja uczniowie naszej szko\u0142y uczestniczyli w wyj\u0105tkowej wycieczce edukacyjnej do Aresztu \u015aledczego w Piotrkowie Trybunalskim.<\/p>\n\n\n\n<!--more-->\n<\/div><\/div>\n\n\n\n<p><br>Wizyta mia\u0142a na celu nie tylko zapoznanie m\u0142odzie\u017cy z funkcjonowaniem jednostki penitencjarnej i prac\u0105 funkcjonariuszy S\u0142u\u017cby Wi\u0119ziennej oraz ich codziennych obowi\u0105zk\u00f3w, a tak\u017ce r\u00f3\u017cnych mo\u017cliwo\u015bciach pracy zawodowej w tej formacji, ale przede wszystkim u\u015bwiadomienie m\u0142odym ludziom konsekwencji \u0142amania prawa. Z bliska zobaczyli realia \u017cycia os\u00f3b pozbawionych wolno\u015bci. m.in. cele mieszkalne, place spacerowe oraz pomieszczenia do prowadzenia zaj\u0119\u0107 kulturalno-o\u015bwiatowych i sportowych. To do\u015bwiadczenie da\u0142o im wiele do my\u015blenia i u\u015bwiadomi\u0142o, \u017ce ponosimy odpowiedzialno\u015b\u0107 za ka\u017cdy wyb\u00f3r. Profilaktyka jest najwa\u017cniejsza! Wyjazd zorganizowa\u0142 pan Artur Ciszek, a wraz z nim opiek\u0119 sprawowa\u0142y panie Barbara Szteleblak i Weronika Salata.<\/p>\n\n\n\n\n\n<p><\/p>\n","protected":false},"excerpt":{"rendered":"<p>6 maja uczniowie naszej szko\u0142y uczestniczyli w wyj\u0105tkowej wycieczce edukacyjnej do Aresztu \u015aledczego w Piotrkowie Trybunalskim.<\/p>\n","protected":false},"author":1,"featured_media":0,"comment_status":"closed","ping_status":"","sticky":false,"template":"","format":"standard","meta":{"footnotes":""},"categories":[5],"tags":[],"class_list":["post-1398","post","type-post","status-publish","format-standard","hentry","category-news"],"_links":{"self":[{"href":"https:\/\/zsp2konskie.edu.pl\/index.php\/wp-json\/wp\/v2\/posts\/1398","targetHints":{"allow":["GET"]}}],"collection":[{"href":"https:\/\/zsp2konskie.edu.pl\/index.php\/wp-json\/wp\/v2\/posts"}],"about":[{"href":"https:\/\/zsp2konskie.edu.pl\/index.php\/wp-json\/wp\/v2\/types\/post"}],"author":[{"embeddable":true,"href":"https:\/\/zsp2konskie.edu.pl\/index.php\/wp-json\/wp\/v2\/users\/1"}],"replies":[{"embeddable":true,"href":"https:\/\/zsp2konskie.edu.pl\/index.php\/wp-json\/wp\/v2\/comments?post=1398"}],"version-history":[{"count":1,"href":"https:\/\/zsp2konskie.edu.pl\/index.php\/wp-json\/wp\/v2\/posts\/1398\/revisions"}],"predecessor-version":[{"id":1400,"href":"https:\/\/zsp2konskie.edu.pl\/index.php\/wp-json\/wp\/v2\/posts\/1398\/revisions\/1400"}],"wp:attachment":[{"href":"https:\/\/zsp2konskie.edu.pl\/index.php\/wp-json\/wp\/v2\/media?parent=1398"}],"wp:term":[{"taxonomy":"category","embeddable":true,"href":"https:\/\/zsp2konskie.edu.pl\/index.php\/wp-json\/wp\/v2\/categories?post=1398"},{"taxonomy":"post_tag","embeddable":true,"href":"https:\/\/zsp2konskie.edu.pl\/index.php\/wp-json\/wp\/v2\/tags?post=1398"}],"curies":[{"name":"wp","href":"https:\/\/api.w.org\/{rel}","templated":true}]}}