{"id":1395,"date":"2025-05-13T08:38:15","date_gmt":"2025-05-13T06:38:15","guid":{"rendered":"https:\/\/zsp2konskie.edu.pl\/?p=1395"},"modified":"2025-05-13T08:38:15","modified_gmt":"2025-05-13T06:38:15","slug":"ogolnopolski-konkurs-recytatorski","status":"publish","type":"post","link":"https:\/\/zsp2konskie.edu.pl\/index.php\/2025\/05\/13\/ogolnopolski-konkurs-recytatorski\/","title":{"rendered":"OG\u00d3LNOPOLSKI KONKURS RECYTATORSKI"},"content":{"rendered":"\n<div class=\"wp-block-media-text is-stacked-on-mobile is-vertically-aligned-center is-image-fill-element\" style=\"grid-template-columns:32% auto\"><figure class=\"wp-block-media-text__media\"><img loading=\"lazy\" decoding=\"async\" width=\"1024\" height=\"682\" src=\"https:\/\/zsp2konskie.edu.pl\/wp-content\/uploads\/Eliminacje-powiatowe-70.-Ogolnopolskiego-Konkursu-Recytatorskiego-16-1024x682.jpg\" alt=\"\" class=\"wp-image-1396 size-full\" style=\"object-position:50% 50%\" srcset=\"https:\/\/zsp2konskie.edu.pl\/wp-content\/uploads\/Eliminacje-powiatowe-70.-Ogolnopolskiego-Konkursu-Recytatorskiego-16-1024x682.jpg 1024w, https:\/\/zsp2konskie.edu.pl\/wp-content\/uploads\/Eliminacje-powiatowe-70.-Ogolnopolskiego-Konkursu-Recytatorskiego-16-300x200.jpg 300w, https:\/\/zsp2konskie.edu.pl\/wp-content\/uploads\/Eliminacje-powiatowe-70.-Ogolnopolskiego-Konkursu-Recytatorskiego-16-768x512.jpg 768w, https:\/\/zsp2konskie.edu.pl\/wp-content\/uploads\/Eliminacje-powiatowe-70.-Ogolnopolskiego-Konkursu-Recytatorskiego-16.jpg 1280w\" sizes=\"auto, (max-width: 1024px) 100vw, 1024px\" \/><\/figure><div class=\"wp-block-media-text__content\">\n<p>28 kwietnia ucze\u0144 klasy 3 fsw, \u0141ukasz Lewosi\u0144ski uczestniczy\u0142 w eliminacjach powiatowych 70 Og\u00f3lnopolskiego Konkursu Recytatorskiego, kt\u00f3re odby\u0142y si\u0119 w Koneckim Centrum Kultury. Mimo \u017ce nie zakwalifikowa\u0142 si\u0119 do etapu wojew\u00f3dzkiego, jego debiut sceniczny by\u0142 bardzo udany. M\u0142odemu arty\u015bcie towarzyszy\u0142a pani Ma\u0142gorzata Makuch.<\/p>\n\n\n\n<!--more-->\n<\/div><\/div>\n","protected":false},"excerpt":{"rendered":"<p>28 kwietnia ucze\u0144 klasy 3 fsw, \u0141ukasz Lewosi\u0144ski uczestniczy\u0142 w eliminacjach powiatowych 70 Og\u00f3lnopolskiego Konkursu Recytatorskiego, kt\u00f3re odby\u0142y si\u0119 w Koneckim Centrum Kultury. Mimo \u017ce nie zakwalifikowa\u0142 si\u0119 do etapu wojew\u00f3dzkiego, jego debiut sceniczny by\u0142 bardzo udany. M\u0142odemu arty\u015bcie towarzyszy\u0142a pani Ma\u0142gorzata Makuch.<\/p>\n","protected":false},"author":1,"featured_media":0,"comment_status":"closed","ping_status":"","sticky":false,"template":"","format":"standard","meta":{"footnotes":""},"categories":[5],"tags":[],"class_list":["post-1395","post","type-post","status-publish","format-standard","hentry","category-news"],"_links":{"self":[{"href":"https:\/\/zsp2konskie.edu.pl\/index.php\/wp-json\/wp\/v2\/posts\/1395","targetHints":{"allow":["GET"]}}],"collection":[{"href":"https:\/\/zsp2konskie.edu.pl\/index.php\/wp-json\/wp\/v2\/posts"}],"about":[{"href":"https:\/\/zsp2konskie.edu.pl\/index.php\/wp-json\/wp\/v2\/types\/post"}],"author":[{"embeddable":true,"href":"https:\/\/zsp2konskie.edu.pl\/index.php\/wp-json\/wp\/v2\/users\/1"}],"replies":[{"embeddable":true,"href":"https:\/\/zsp2konskie.edu.pl\/index.php\/wp-json\/wp\/v2\/comments?post=1395"}],"version-history":[{"count":1,"href":"https:\/\/zsp2konskie.edu.pl\/index.php\/wp-json\/wp\/v2\/posts\/1395\/revisions"}],"predecessor-version":[{"id":1397,"href":"https:\/\/zsp2konskie.edu.pl\/index.php\/wp-json\/wp\/v2\/posts\/1395\/revisions\/1397"}],"wp:attachment":[{"href":"https:\/\/zsp2konskie.edu.pl\/index.php\/wp-json\/wp\/v2\/media?parent=1395"}],"wp:term":[{"taxonomy":"category","embeddable":true,"href":"https:\/\/zsp2konskie.edu.pl\/index.php\/wp-json\/wp\/v2\/categories?post=1395"},{"taxonomy":"post_tag","embeddable":true,"href":"https:\/\/zsp2konskie.edu.pl\/index.php\/wp-json\/wp\/v2\/tags?post=1395"}],"curies":[{"name":"wp","href":"https:\/\/api.w.org\/{rel}","templated":true}]}}