{"id":1376,"date":"2025-04-23T12:45:11","date_gmt":"2025-04-23T10:45:11","guid":{"rendered":"https:\/\/zsp2konskie.edu.pl\/?p=1376"},"modified":"2025-04-23T12:45:11","modified_gmt":"2025-04-23T10:45:11","slug":"wirtualny-festiwal-umiejetnosci","status":"publish","type":"post","link":"https:\/\/zsp2konskie.edu.pl\/index.php\/2025\/04\/23\/wirtualny-festiwal-umiejetnosci\/","title":{"rendered":"WIRTUALNY FESTIWAL UMIEJ\u0118TNO\u015aCI"},"content":{"rendered":"\n<div class=\"wp-block-media-text is-stacked-on-mobile is-vertically-aligned-center is-image-fill-element\" style=\"grid-template-columns:32% auto\"><figure class=\"wp-block-media-text__media\"><img loading=\"lazy\" decoding=\"async\" width=\"1024\" height=\"644\" src=\"https:\/\/zsp2konskie.edu.pl\/wp-content\/uploads\/FESTIWAL-UMIEJ-24-25-1024x644.jpg\" alt=\"\" class=\"wp-image-1377 size-full\" style=\"object-position:50% 50%\" srcset=\"https:\/\/zsp2konskie.edu.pl\/wp-content\/uploads\/FESTIWAL-UMIEJ-24-25-1024x644.jpg 1024w, https:\/\/zsp2konskie.edu.pl\/wp-content\/uploads\/FESTIWAL-UMIEJ-24-25-300x189.jpg 300w, https:\/\/zsp2konskie.edu.pl\/wp-content\/uploads\/FESTIWAL-UMIEJ-24-25-768x483.jpg 768w, https:\/\/zsp2konskie.edu.pl\/wp-content\/uploads\/FESTIWAL-UMIEJ-24-25.jpg 1443w\" sizes=\"auto, (max-width: 1024px) 100vw, 1024px\" \/><\/figure><div class=\"wp-block-media-text__content\">\n<p>15 kwietnia uczniowie klasy pierwszej i trzeciej w zawodzie sprzedawca wzi\u0119li udzia\u0142 w Wirtualnym Festiwalu Umiej\u0119tno\u015bci Zawodowych organizowanym od 2020 roku przez Akademi\u0119 Umiej\u0119tno\u015bci Eurocash.<\/p>\n\n\n\n<!--more-->\n<\/div><\/div>\n\n\n\n<p>Has\u0142o przewodnie spotkania to &#8222;Kompetencje i zadania lidera&#8221;. Celem wydarzenia by\u0142o przybli\u017cenie nauczycielom przedmiot\u00f3w zawodowych oraz uczniom specyfiki pracy w bran\u017cy handlowej i logistycznej. Uczestnicy wys\u0142uchali wyk\u0142ad\u00f3w prowadzonych przez specjalist\u00f3w na temat: lider w bran\u017cy handlowej, komunikacja w zespole, budowanie efektywnego zespo\u0142u sprzeda\u017cowego, trudne sytuacje w zespole handlowym. Lekcje zorganizowa\u0142a pani Wioletta Banasik.<\/p>\n\n\n","protected":false},"excerpt":{"rendered":"<p>15 kwietnia uczniowie klasy pierwszej i trzeciej w zawodzie sprzedawca wzi\u0119li udzia\u0142 w Wirtualnym Festiwalu Umiej\u0119tno\u015bci Zawodowych organizowanym od 2020 roku przez Akademi\u0119 Umiej\u0119tno\u015bci Eurocash.<\/p>\n","protected":false},"author":1,"featured_media":0,"comment_status":"closed","ping_status":"","sticky":false,"template":"","format":"standard","meta":{"footnotes":""},"categories":[5],"tags":[],"class_list":["post-1376","post","type-post","status-publish","format-standard","hentry","category-news"],"_links":{"self":[{"href":"https:\/\/zsp2konskie.edu.pl\/index.php\/wp-json\/wp\/v2\/posts\/1376","targetHints":{"allow":["GET"]}}],"collection":[{"href":"https:\/\/zsp2konskie.edu.pl\/index.php\/wp-json\/wp\/v2\/posts"}],"about":[{"href":"https:\/\/zsp2konskie.edu.pl\/index.php\/wp-json\/wp\/v2\/types\/post"}],"author":[{"embeddable":true,"href":"https:\/\/zsp2konskie.edu.pl\/index.php\/wp-json\/wp\/v2\/users\/1"}],"replies":[{"embeddable":true,"href":"https:\/\/zsp2konskie.edu.pl\/index.php\/wp-json\/wp\/v2\/comments?post=1376"}],"version-history":[{"count":1,"href":"https:\/\/zsp2konskie.edu.pl\/index.php\/wp-json\/wp\/v2\/posts\/1376\/revisions"}],"predecessor-version":[{"id":1378,"href":"https:\/\/zsp2konskie.edu.pl\/index.php\/wp-json\/wp\/v2\/posts\/1376\/revisions\/1378"}],"wp:attachment":[{"href":"https:\/\/zsp2konskie.edu.pl\/index.php\/wp-json\/wp\/v2\/media?parent=1376"}],"wp:term":[{"taxonomy":"category","embeddable":true,"href":"https:\/\/zsp2konskie.edu.pl\/index.php\/wp-json\/wp\/v2\/categories?post=1376"},{"taxonomy":"post_tag","embeddable":true,"href":"https:\/\/zsp2konskie.edu.pl\/index.php\/wp-json\/wp\/v2\/tags?post=1376"}],"curies":[{"name":"wp","href":"https:\/\/api.w.org\/{rel}","templated":true}]}}