{"id":1373,"date":"2025-04-23T12:38:07","date_gmt":"2025-04-23T10:38:07","guid":{"rendered":"https:\/\/zsp2konskie.edu.pl\/?p=1373"},"modified":"2025-04-23T12:38:07","modified_gmt":"2025-04-23T10:38:07","slug":"edukacja-prawna","status":"publish","type":"post","link":"https:\/\/zsp2konskie.edu.pl\/index.php\/2025\/04\/23\/edukacja-prawna\/","title":{"rendered":"EDUKACJA PRAWNA"},"content":{"rendered":"\n<div class=\"wp-block-media-text is-stacked-on-mobile is-vertically-aligned-center is-image-fill-element\" style=\"grid-template-columns:32% auto\"><figure class=\"wp-block-media-text__media\"><img loading=\"lazy\" decoding=\"async\" width=\"1024\" height=\"768\" src=\"https:\/\/zsp2konskie.edu.pl\/wp-content\/uploads\/488871939_3010194419142405_4169364420283197154_n-1024x768.jpg\" alt=\"\" class=\"wp-image-1374 size-full\" style=\"object-position:50% 50%\" srcset=\"https:\/\/zsp2konskie.edu.pl\/wp-content\/uploads\/488871939_3010194419142405_4169364420283197154_n-1024x768.jpg 1024w, https:\/\/zsp2konskie.edu.pl\/wp-content\/uploads\/488871939_3010194419142405_4169364420283197154_n-300x225.jpg 300w, https:\/\/zsp2konskie.edu.pl\/wp-content\/uploads\/488871939_3010194419142405_4169364420283197154_n-768x576.jpg 768w, https:\/\/zsp2konskie.edu.pl\/wp-content\/uploads\/488871939_3010194419142405_4169364420283197154_n-1536x1152.jpg 1536w, https:\/\/zsp2konskie.edu.pl\/wp-content\/uploads\/488871939_3010194419142405_4169364420283197154_n.jpg 2048w\" sizes=\"auto, (max-width: 1024px) 100vw, 1024px\" \/><\/figure><div class=\"wp-block-media-text__content\">\n<p><br>9 kwietnia, w ramach edukacji prawnej, klasa 3 fsw wcieli\u0142a si\u0119 w rol\u0119 widz\u00f3w na rozprawach w koneckim S\u0105dzie Rejonowym.<\/p>\n\n\n\n<!--more-->\n<\/div><\/div>\n\n\n\n<p>Uczniowie uczestniczyli w sprawach o posiadanie narkotyk\u00f3w i prowadzenie pojazdu pod wp\u0142ywem alkoholu. Opiek\u0119 sprawowali: Artur Ciszek, Weronika Salata oraz Izabella Duda Krawczyk. 31 marca klasy drugie uczestniczy\u0142a w rozprawach s\u0105dowych dotycz\u0105cych zn\u0119cania si\u0119 nad rodzicem oraz prowadzeniu pojazdu mechanicznego po alkoholu. Uczniowie znajdowali si\u0119 pod opiek\u0105 nauczycieli: Doroty R\u00f3\u017calskiej, Edyty Kulety, Weroniki Salaty i Kamila Szczukockiego. Niestety, narkotyki i jazda pod wp\u0142ywem alkoholu, s\u0105 powszechnymi problemami spo\u0142ecznymi.<\/p>\n\n\n","protected":false},"excerpt":{"rendered":"<p>9 kwietnia, w ramach edukacji prawnej, klasa 3 fsw wcieli\u0142a si\u0119 w rol\u0119 widz\u00f3w na rozprawach w koneckim S\u0105dzie Rejonowym.<\/p>\n","protected":false},"author":1,"featured_media":0,"comment_status":"closed","ping_status":"","sticky":false,"template":"","format":"standard","meta":{"footnotes":""},"categories":[5],"tags":[],"class_list":["post-1373","post","type-post","status-publish","format-standard","hentry","category-news"],"_links":{"self":[{"href":"https:\/\/zsp2konskie.edu.pl\/index.php\/wp-json\/wp\/v2\/posts\/1373","targetHints":{"allow":["GET"]}}],"collection":[{"href":"https:\/\/zsp2konskie.edu.pl\/index.php\/wp-json\/wp\/v2\/posts"}],"about":[{"href":"https:\/\/zsp2konskie.edu.pl\/index.php\/wp-json\/wp\/v2\/types\/post"}],"author":[{"embeddable":true,"href":"https:\/\/zsp2konskie.edu.pl\/index.php\/wp-json\/wp\/v2\/users\/1"}],"replies":[{"embeddable":true,"href":"https:\/\/zsp2konskie.edu.pl\/index.php\/wp-json\/wp\/v2\/comments?post=1373"}],"version-history":[{"count":1,"href":"https:\/\/zsp2konskie.edu.pl\/index.php\/wp-json\/wp\/v2\/posts\/1373\/revisions"}],"predecessor-version":[{"id":1375,"href":"https:\/\/zsp2konskie.edu.pl\/index.php\/wp-json\/wp\/v2\/posts\/1373\/revisions\/1375"}],"wp:attachment":[{"href":"https:\/\/zsp2konskie.edu.pl\/index.php\/wp-json\/wp\/v2\/media?parent=1373"}],"wp:term":[{"taxonomy":"category","embeddable":true,"href":"https:\/\/zsp2konskie.edu.pl\/index.php\/wp-json\/wp\/v2\/categories?post=1373"},{"taxonomy":"post_tag","embeddable":true,"href":"https:\/\/zsp2konskie.edu.pl\/index.php\/wp-json\/wp\/v2\/tags?post=1373"}],"curies":[{"name":"wp","href":"https:\/\/api.w.org\/{rel}","templated":true}]}}