{"id":1367,"date":"2025-04-14T12:35:22","date_gmt":"2025-04-14T10:35:22","guid":{"rendered":"https:\/\/zsp2konskie.edu.pl\/?p=1367"},"modified":"2025-04-14T12:35:22","modified_gmt":"2025-04-14T10:35:22","slug":"kobieta-kosmitka","status":"publish","type":"post","link":"https:\/\/zsp2konskie.edu.pl\/index.php\/2025\/04\/14\/kobieta-kosmitka\/","title":{"rendered":"KOBIETA &#8211; KOSMITKA"},"content":{"rendered":"\n<div class=\"wp-block-media-text is-stacked-on-mobile is-vertically-aligned-center is-image-fill-element\" style=\"grid-template-columns:32% auto\"><figure class=\"wp-block-media-text__media\"><img loading=\"lazy\" decoding=\"async\" width=\"768\" height=\"1024\" src=\"https:\/\/zsp2konskie.edu.pl\/wp-content\/uploads\/487759290_1189856376000144_3236781851249109336_n-768x1024.jpg\" alt=\"\" class=\"wp-image-1368 size-full\" style=\"object-position:50% 50%\" srcset=\"https:\/\/zsp2konskie.edu.pl\/wp-content\/uploads\/487759290_1189856376000144_3236781851249109336_n-768x1024.jpg 768w, https:\/\/zsp2konskie.edu.pl\/wp-content\/uploads\/487759290_1189856376000144_3236781851249109336_n-225x300.jpg 225w, https:\/\/zsp2konskie.edu.pl\/wp-content\/uploads\/487759290_1189856376000144_3236781851249109336_n-1152x1536.jpg 1152w, https:\/\/zsp2konskie.edu.pl\/wp-content\/uploads\/487759290_1189856376000144_3236781851249109336_n.jpg 1536w\" sizes=\"auto, (max-width: 768px) 100vw, 768px\" \/><\/figure><div class=\"wp-block-media-text__content\">\n<p>8 kwietnia uczennice fryzjerstwa reprezentowa\u0142y nasz\u0105 szko\u0142\u0119 na Konkursie Fryzjerskim &#8222;Bitwa o w\u0142os&#8221;pod has\u0142em &#8222;Kosmitk\u0105 by\u0107&#8221;, kt\u00f3ry odby\u0142 si\u0119 w Tomaszowie Mazowieckim.<\/p>\n\n\n\n<!--more-->\n<\/div><\/div>\n\n\n\n<p>Amelia Kuleta (modelka &#8211; \u017baneta Pazera) oraz Daria Dymi\u0144ska rywalizowa\u0142y z dwudziestoma zawodnikami. Makija\u017cem zajmowa\u0142a si\u0119 Patrycja Paku\u0142a (3 fsw). Adresatami byli uczniowie szk\u00f3\u0142 ponadpodstawowych, dla kt\u00f3rych fryzjerstwo to zaw\u00f3d i ogromna pasja. Tegoroczne zadanie konkursowe wymaga\u0142o od uczestnik\u00f3w wykonania na modelce fryzury fantazyjnej oraz wykazania si\u0119 kreatywno\u015bci\u0105, inwencj\u0105 i nowatorstwem rozwi\u0105za\u0144 w bran\u017cy fryzjerskiej. Opiek\u0119 nad naszymi uczennicami sprawowa\u0142a pani Barbara Szteleblak.<\/p>\n\n\n","protected":false},"excerpt":{"rendered":"<p>8 kwietnia uczennice fryzjerstwa reprezentowa\u0142y nasz\u0105 szko\u0142\u0119 na Konkursie Fryzjerskim &#8222;Bitwa o w\u0142os&#8221;pod has\u0142em &#8222;Kosmitk\u0105 by\u0107&#8221;, kt\u00f3ry odby\u0142 si\u0119 w Tomaszowie Mazowieckim.<\/p>\n","protected":false},"author":1,"featured_media":0,"comment_status":"closed","ping_status":"","sticky":false,"template":"","format":"standard","meta":{"footnotes":""},"categories":[5],"tags":[],"class_list":["post-1367","post","type-post","status-publish","format-standard","hentry","category-news"],"_links":{"self":[{"href":"https:\/\/zsp2konskie.edu.pl\/index.php\/wp-json\/wp\/v2\/posts\/1367","targetHints":{"allow":["GET"]}}],"collection":[{"href":"https:\/\/zsp2konskie.edu.pl\/index.php\/wp-json\/wp\/v2\/posts"}],"about":[{"href":"https:\/\/zsp2konskie.edu.pl\/index.php\/wp-json\/wp\/v2\/types\/post"}],"author":[{"embeddable":true,"href":"https:\/\/zsp2konskie.edu.pl\/index.php\/wp-json\/wp\/v2\/users\/1"}],"replies":[{"embeddable":true,"href":"https:\/\/zsp2konskie.edu.pl\/index.php\/wp-json\/wp\/v2\/comments?post=1367"}],"version-history":[{"count":1,"href":"https:\/\/zsp2konskie.edu.pl\/index.php\/wp-json\/wp\/v2\/posts\/1367\/revisions"}],"predecessor-version":[{"id":1369,"href":"https:\/\/zsp2konskie.edu.pl\/index.php\/wp-json\/wp\/v2\/posts\/1367\/revisions\/1369"}],"wp:attachment":[{"href":"https:\/\/zsp2konskie.edu.pl\/index.php\/wp-json\/wp\/v2\/media?parent=1367"}],"wp:term":[{"taxonomy":"category","embeddable":true,"href":"https:\/\/zsp2konskie.edu.pl\/index.php\/wp-json\/wp\/v2\/categories?post=1367"},{"taxonomy":"post_tag","embeddable":true,"href":"https:\/\/zsp2konskie.edu.pl\/index.php\/wp-json\/wp\/v2\/tags?post=1367"}],"curies":[{"name":"wp","href":"https:\/\/api.w.org\/{rel}","templated":true}]}}