{"id":1112,"date":"2024-09-23T08:53:11","date_gmt":"2024-09-23T06:53:11","guid":{"rendered":"https:\/\/zsp2konskie.edu.pl\/?p=1112"},"modified":"2024-09-30T08:53:48","modified_gmt":"2024-09-30T06:53:48","slug":"lekcja-demokracji-wybory-samorzadowe","status":"publish","type":"post","link":"https:\/\/zsp2konskie.edu.pl\/index.php\/2024\/09\/23\/lekcja-demokracji-wybory-samorzadowe\/","title":{"rendered":"LEKCJA DEMOKRACJI \u2013 WYBORY SAMORZ\u0104DOWE"},"content":{"rendered":"\n<p><br>23 wrze\u015bnia zosta\u0142y og\u0142oszone oficjalne wyniki wybor\u00f3w do Samorz\u0105du Uczniowskiego naszej szko\u0142y oraz reprezentant\u00f3w do M\u0142odzie\u017cowej Rady Powiatu w Ko\u0144skich. Uczestniczy\u0142o w nich blisko dwie\u015bcie os\u00f3b, z czego dwana\u015bcie odda\u0142o g\u0142osy niewa\u017cne. Wyborcy mogli g\u0142osowa\u0107 na o\u015bmiu kandydat\u00f3w, zaproponowanych przez ka\u017cd\u0105 z klas. Tajne g\u0142osowanie wy\u0142oni\u0142o przewodnicz\u0105cego szko\u0142y, kt\u00f3rym zosta\u0142 Maciek Basiak z klasy II ew, oraz jego zast\u0119pczyni\u0119 &#8211; Ol\u0119 Stachur\u0119 z III fe. W sk\u0142ad Samorz\u0105du wesz\u0142a tak\u017ce Wiktoria Buczy\u0144ska. Przewodnicz\u0105cy i wiceprzewodnicz\u0105ca SU b\u0119d\u0105 reprezentowali nasz\u0105 szko\u0142\u0119 w M\u0142odzie\u017cowej Radzie Powiatu. Nad prawid\u0142owym przebiegiem wybor\u00f3w oraz liczeniem g\u0142os\u00f3w czuwa\u0142y panie Ma\u0142gorzata Kowalczyk, Weronika Salata, Barbara Szteleblak i Dorota Wilk.<\/p>\n","protected":false},"excerpt":{"rendered":"<p>23 wrze\u015bnia zosta\u0142y og\u0142oszone oficjalne wyniki wybor\u00f3w do Samorz\u0105du Uczniowskiego naszej szko\u0142y oraz reprezentant\u00f3w do M\u0142odzie\u017cowej Rady Powiatu w Ko\u0144skich. Uczestniczy\u0142o w nich blisko dwie\u015bcie os\u00f3b, z czego dwana\u015bcie odda\u0142o g\u0142osy niewa\u017cne. Wyborcy mogli g\u0142osowa\u0107 na o\u015bmiu kandydat\u00f3w, zaproponowanych przez ka\u017cd\u0105 z klas. Tajne g\u0142osowanie wy\u0142oni\u0142o przewodnicz\u0105cego szko\u0142y, kt\u00f3rym zosta\u0142 Maciek Basiak z klasy II<br \/><a class=\"btn btn-theme post-btn\" href=\"https:\/\/zsp2konskie.edu.pl\/index.php\/2024\/09\/23\/lekcja-demokracji-wybory-samorzadowe\/\">Read More<\/a><\/p>\n","protected":false},"author":1,"featured_media":0,"comment_status":"closed","ping_status":"closed","sticky":false,"template":"","format":"standard","meta":{"footnotes":""},"categories":[5],"tags":[],"class_list":["post-1112","post","type-post","status-publish","format-standard","hentry","category-news"],"_links":{"self":[{"href":"https:\/\/zsp2konskie.edu.pl\/index.php\/wp-json\/wp\/v2\/posts\/1112","targetHints":{"allow":["GET"]}}],"collection":[{"href":"https:\/\/zsp2konskie.edu.pl\/index.php\/wp-json\/wp\/v2\/posts"}],"about":[{"href":"https:\/\/zsp2konskie.edu.pl\/index.php\/wp-json\/wp\/v2\/types\/post"}],"author":[{"embeddable":true,"href":"https:\/\/zsp2konskie.edu.pl\/index.php\/wp-json\/wp\/v2\/users\/1"}],"replies":[{"embeddable":true,"href":"https:\/\/zsp2konskie.edu.pl\/index.php\/wp-json\/wp\/v2\/comments?post=1112"}],"version-history":[{"count":1,"href":"https:\/\/zsp2konskie.edu.pl\/index.php\/wp-json\/wp\/v2\/posts\/1112\/revisions"}],"predecessor-version":[{"id":1113,"href":"https:\/\/zsp2konskie.edu.pl\/index.php\/wp-json\/wp\/v2\/posts\/1112\/revisions\/1113"}],"wp:attachment":[{"href":"https:\/\/zsp2konskie.edu.pl\/index.php\/wp-json\/wp\/v2\/media?parent=1112"}],"wp:term":[{"taxonomy":"category","embeddable":true,"href":"https:\/\/zsp2konskie.edu.pl\/index.php\/wp-json\/wp\/v2\/categories?post=1112"},{"taxonomy":"post_tag","embeddable":true,"href":"https:\/\/zsp2konskie.edu.pl\/index.php\/wp-json\/wp\/v2\/tags?post=1112"}],"curies":[{"name":"wp","href":"https:\/\/api.w.org\/{rel}","templated":true}]}}