{"id":1103,"date":"2024-09-27T11:26:26","date_gmt":"2024-09-27T09:26:26","guid":{"rendered":"https:\/\/zsp2konskie.edu.pl\/?p=1103"},"modified":"2024-09-27T11:26:26","modified_gmt":"2024-09-27T09:26:26","slug":"nasi-w-stolicy","status":"publish","type":"post","link":"https:\/\/zsp2konskie.edu.pl\/index.php\/2024\/09\/27\/nasi-w-stolicy\/","title":{"rendered":"NASI W STOLICY"},"content":{"rendered":"\n<div class=\"wp-block-media-text is-stacked-on-mobile is-vertically-aligned-center is-image-fill\" style=\"grid-template-columns:32% auto\"><figure class=\"wp-block-media-text__media\" style=\"background-image:url(https:\/\/zsp2konskie.edu.pl\/wp-content\/uploads\/IMG_0361-1727357331067-1024x768.jpeg);background-position:50% 50%\"><img loading=\"lazy\" decoding=\"async\" width=\"1024\" height=\"768\" src=\"https:\/\/zsp2konskie.edu.pl\/wp-content\/uploads\/IMG_0361-1727357331067-1024x768.jpeg\" alt=\"\" class=\"wp-image-1104 size-full\" srcset=\"https:\/\/zsp2konskie.edu.pl\/wp-content\/uploads\/IMG_0361-1727357331067-1024x768.jpeg 1024w, https:\/\/zsp2konskie.edu.pl\/wp-content\/uploads\/IMG_0361-1727357331067-300x225.jpeg 300w, https:\/\/zsp2konskie.edu.pl\/wp-content\/uploads\/IMG_0361-1727357331067-768x576.jpeg 768w, https:\/\/zsp2konskie.edu.pl\/wp-content\/uploads\/IMG_0361-1727357331067-1536x1152.jpeg 1536w, https:\/\/zsp2konskie.edu.pl\/wp-content\/uploads\/IMG_0361-1727357331067-2048x1536.jpeg 2048w\" sizes=\"auto, (max-width: 1024px) 100vw, 1024px\" \/><\/figure><div class=\"wp-block-media-text__content\">\n<p><br>25 wrze\u015bnia grupa uczni\u00f3w naszej szko\u0142y pojecha\u0142a do Warszawy. Uczestnicy spcerowali po Starym Mie\u015bcie, ogl\u0105daj\u0105c jego najwa\u017cniejsze zabytki: Zamek Kr\u00f3lewski, Kolumn\u0119 Zygmunta oraz Syrenk\u0119. Kolejnym punktem wycieczki by\u0142 udzia\u0142 w nagraniach programu Disco Star.<\/p>\n\n\n\n<!--more-->\n<\/div><\/div>\n\n\n\n<p><br>W jury zasiadali Magdalena Naro\u017cna z zespo\u0142u \u201ePi\u0119kni i M\u0142odzi\u201d, Zenon Martyniuk, Marcin Miller oraz Skolim. Uczniowie bawili si\u0119 doskonale, jednocze\u015bnie edukuj\u0105c si\u0119 medialnie poprzez poznawanie kulis pracy telewizji. By\u0142a to r\u00f3wnie\u017c okazja do zrobienia pami\u0105tkowych zdj\u0119\u0107, do kt\u00f3rych jurorzy ch\u0119tnie pozowali. Uczestnicy zgodnie stwierdzili, \u017ce chcieliby jeszcze tam wr\u00f3ci\u0107. Opiekunami wycieczki byli panie Barbara Szteleblak i Aleksandra \u015amietana oraz pan \u0141ukasz Ludwikowski<\/p>\n\n\n","protected":false},"excerpt":{"rendered":"<p>25 wrze\u015bnia grupa uczni\u00f3w naszej szko\u0142y pojecha\u0142a do Warszawy. Uczestnicy spcerowali po Starym Mie\u015bcie, ogl\u0105daj\u0105c jego najwa\u017cniejsze zabytki: Zamek Kr\u00f3lewski, Kolumn\u0119 Zygmunta oraz Syrenk\u0119. Kolejnym punktem wycieczki by\u0142 udzia\u0142 w nagraniach programu Disco Star.<\/p>\n","protected":false},"author":1,"featured_media":0,"comment_status":"closed","ping_status":"","sticky":false,"template":"","format":"standard","meta":{"footnotes":""},"categories":[5],"tags":[],"class_list":["post-1103","post","type-post","status-publish","format-standard","hentry","category-news"],"_links":{"self":[{"href":"https:\/\/zsp2konskie.edu.pl\/index.php\/wp-json\/wp\/v2\/posts\/1103","targetHints":{"allow":["GET"]}}],"collection":[{"href":"https:\/\/zsp2konskie.edu.pl\/index.php\/wp-json\/wp\/v2\/posts"}],"about":[{"href":"https:\/\/zsp2konskie.edu.pl\/index.php\/wp-json\/wp\/v2\/types\/post"}],"author":[{"embeddable":true,"href":"https:\/\/zsp2konskie.edu.pl\/index.php\/wp-json\/wp\/v2\/users\/1"}],"replies":[{"embeddable":true,"href":"https:\/\/zsp2konskie.edu.pl\/index.php\/wp-json\/wp\/v2\/comments?post=1103"}],"version-history":[{"count":1,"href":"https:\/\/zsp2konskie.edu.pl\/index.php\/wp-json\/wp\/v2\/posts\/1103\/revisions"}],"predecessor-version":[{"id":1105,"href":"https:\/\/zsp2konskie.edu.pl\/index.php\/wp-json\/wp\/v2\/posts\/1103\/revisions\/1105"}],"wp:attachment":[{"href":"https:\/\/zsp2konskie.edu.pl\/index.php\/wp-json\/wp\/v2\/media?parent=1103"}],"wp:term":[{"taxonomy":"category","embeddable":true,"href":"https:\/\/zsp2konskie.edu.pl\/index.php\/wp-json\/wp\/v2\/categories?post=1103"},{"taxonomy":"post_tag","embeddable":true,"href":"https:\/\/zsp2konskie.edu.pl\/index.php\/wp-json\/wp\/v2\/tags?post=1103"}],"curies":[{"name":"wp","href":"https:\/\/api.w.org\/{rel}","templated":true}]}}